{"id":1694,"date":"2011-03-11T11:56:17","date_gmt":"2011-03-11T11:56:17","guid":{"rendered":"https:\/\/boselli.com.br\/?p=1694"},"modified":"2025-01-22T10:50:22","modified_gmt":"2025-01-22T13:50:22","slug":"11032011-presidente-da-assembleia-e-acusado-de-desvio-de-verbas","status":"publish","type":"post","link":"https:\/\/boselli.com.br\/site\/11032011-presidente-da-assembleia-e-acusado-de-desvio-de-verbas\/","title":{"rendered":"11\/03\/2011 &#8211; Presidente da Assembleia \u00e9 acusado de desvio de verbas"},"content":{"rendered":"<p style=\"text-align: right;\">Folha de S. Paulo<br \/>\nFl\u00e1vio Ferreira \u00a0e Silvio Navarro<\/p>\n<p>Promotoria denuncia Barros Munhoz por ter recebido R$ 1 mi quando era prefeito<\/p>\n<p>A\u00e7\u00e3o gerou bloqueio do patrim\u00f4nio do deputado tucano, que deve ser reeleito para o comando do Legislativo de SP<\/p>\n<p>O presidente da Assembleia Legislativa de S\u00e3o Paulo, deputado Barros Munhoz (PSDB), \u00e9 acusado num processo judicial sigiloso de participar do desvio de R$ 3,1 milh\u00f5es dos cofres da Prefeitura de Itapira (SP), munic\u00edpio que administrou at\u00e9 2004.<\/p>\n<p>Investiga\u00e7\u00f5es conduzidas pela Pol\u00edcia Civil e pelo Minist\u00e9rio P\u00fablico do Estado encontraram dezenas de dep\u00f3sitos feitos em dinheiro na conta do deputado, no valor total de R$ 933 mil.<\/p>\n<p>Segundo a den\u00fancia apresentada \u00e0 Justi\u00e7a, que acusa Barros Munhoz de improbidade administrativa e enriquecimento il\u00edcito, a movimenta\u00e7\u00e3o em suas contas \u00e9 incompat\u00edvel com a renda que ele declarou na \u00e9poca em que era prefeito.<\/p>\n<p>A Justi\u00e7a de S\u00e3o Paulo, onde corre o processo, mandou bloquear os bens do deputado. Barros Munhoz recorreu ao STJ (Superior Tribunal de Justi\u00e7a) para tentar liberar seu patrim\u00f4nio, mas a decis\u00e3o da Justi\u00e7a Estadual foi mantida no ano passado.<\/p>\n<p>Seis auxiliares do deputado tamb\u00e9m foram denunciados pela Promotoria. A a\u00e7\u00e3o civil p\u00fablica foi ajuizada em setembro de 2006 e corre em segredo de Justi\u00e7a para proteger o sigilo banc\u00e1rio dos acusados. N\u00e3o h\u00e1 previs\u00e3o para a data do julgamento.<\/p>\n<p>Barros Munhoz assumir\u00e1 na semana que vem seu segundo mandato como deputado estadual e dever\u00e1 ser reconduzido \u00e0 presid\u00eancia da Assembleia com apoio quase un\u00e2nime. At\u00e9 o PT e outros partidos que fazem oposi\u00e7\u00e3o ao PSDB prometem apoi\u00e1-lo.<\/p>\n<p>O tucano administrou Itapira em tr\u00eas oportunidades e deixou a prefeitura em 2004, quando n\u00e3o podia mais concorrer \u00e0 reelei\u00e7\u00e3o e n\u00e3o conseguiu eleger o sucessor.<\/p>\n<p>Em nota encaminhada por sua assessoria, Barros Munhoz negou as acusa\u00e7\u00f5es e disse que os promotores que o acusaram agiram por motiva\u00e7\u00e3o pol\u00edtica (leia texto na p\u00e1gina A5).<\/p>\n<p>A investiga\u00e7\u00e3o come\u00e7ou em 2004 com objetivo de apurar acusa\u00e7\u00f5es de fraude em quatro licita\u00e7\u00f5es da prefeitura, que contratou a empresa Conservias Constru\u00e7\u00f5es e Servi\u00e7os Rodovi\u00e1rios para pequenas obras.<\/p>\n<p>Os contratos somam apenas R$ 436 mil. Posteriormente, ao analisar a movimenta\u00e7\u00e3o banc\u00e1ria dos acusados, o Minist\u00e9rio P\u00fablico contabilizou dep\u00f3sitos de R$ 2,7 milh\u00f5es em suas contas.<\/p>\n<p>A Promotoria n\u00e3o conseguiu esclarecer a origem desses recursos e somou os dois valores para chegar aos R$ 3,1 milh\u00f5es indicados na den\u00fancia \u00e0 Justi\u00e7a.<\/p>\n<p>Documentos colhidos em investiga\u00e7\u00f5es e depoimentos de funcion\u00e1rios da prefeitura e outras testemunhas indicam que auxiliares de Barros Munhoz descontaram na boca do caixa cheques emitidos pela prefeitura para pagar a empresa Conservias e outros fornecedores.<\/p>\n<p>Em 16 casos, os cheques foram endossados no verso pelo pr\u00f3prio Barros Munhoz e por seu secret\u00e1rio de Finan\u00e7as, Ademir Graciato, o que permitiu que os recursos fossem sacados por funcion\u00e1rios da prefeitura.<\/p>\n<p>A\u00a0Folha\u00a0teve acesso a parte da a\u00e7\u00e3o sigilosa. Seu objetivo \u00e9 reaver o dinheiro desviado dos cofres p\u00fablicos e afastar os envolvidos de cargos pol\u00edticos. Se for condenado \u00e0 pena m\u00e1xima, Munhoz ficar\u00e1 impedido de disputar elei\u00e7\u00f5es por dez anos.<\/p>\n<p>PER\u00cdCIA<\/p>\n<p>H\u00e1 v\u00e1rios ind\u00edcios de que as licita\u00e7\u00f5es que levaram \u00e0 escolha da Conservias foram fraudadas. Peritos descobriram que propostas apresentadas por concorrentes diferentes nas quatro licita\u00e7\u00f5es foram redigidas na mesma m\u00e1quina de escrever.<\/p>\n<p>Na den\u00fancia apresentada \u00e0 Justi\u00e7a, os promotores Andr\u00e9 Luiz Brand\u00e3o e Neander Sanches dizem que a Conservias era uma empresa fantasma, criada apenas para assegurar contratos com a prefeitura e receber pagamentos do munic\u00edpio. A empresa fechou as portas em 2004.<\/p>\n<p>Em 2008, os contratos da prefeitura com a Conservias foram aprovados em tomadas de contas feitas pelo Tribunal de Contas do Estado.<\/p>\n<p>Os promotores descobriram que 33 cheques supostamente emitidos pela prefeitura para pagamento da empresa foram desviados.<\/p>\n<p>O ent\u00e3o assessor de gabinete do prefeito, Sandro Pio, e o ex-chefe do servi\u00e7o de \u00e1gua e esgoto de Itapira No\u00e9 Massari fizeram saques.<\/p>\n","protected":false},"excerpt":{"rendered":"<p>Folha de S. Paulo Fl\u00e1vio Ferreira \u00a0e Silvio Navarro Promotoria denuncia Barros Munhoz por ter recebido R$ 1 mi quando era prefeito A\u00e7\u00e3o gerou bloqueio do patrim\u00f4nio do deputado tucano, que deve ser reeleito para o comando do Legislativo de SP O presidente da Assembleia Legislativa de S\u00e3o Paulo, deputado Barros Munhoz (PSDB), \u00e9 acusado [&hellip;]<\/p>\n","protected":false},"author":5,"featured_media":32871,"comment_status":"closed","ping_status":"open","sticky":false,"template":"","format":"standard","meta":{"footnotes":""},"categories":[3],"tags":[],"class_list":["post-1694","post","type-post","status-publish","format-standard","has-post-thumbnail","hentry","category-geral"],"yoast_head":"<!-- This site is optimized with the Yoast SEO plugin v25.5 - https:\/\/yoast.com\/wordpress\/plugins\/seo\/ -->\n<title>11\/03\/2011 - Presidente da Assembleia \u00e9 acusado de desvio de verbas - Boselli Licita\u00e7\u00f5es<\/title>\n<meta name=\"robots\" content=\"index, follow, max-snippet:-1, max-image-preview:large, max-video-preview:-1\" \/>\n<link rel=\"canonical\" href=\"https:\/\/boselli.com.br\/11032011-presidente-da-assembleia-e-acusado-de-desvio-de-verbas\/\" \/>\n<meta property=\"og:locale\" content=\"pt_BR\" \/>\n<meta property=\"og:type\" content=\"article\" \/>\n<meta property=\"og:title\" content=\"11\/03\/2011 - Presidente da Assembleia \u00e9 acusado de desvio de verbas - Boselli Licita\u00e7\u00f5es\" \/>\n<meta property=\"og:description\" content=\"Folha de S. Paulo Fl\u00e1vio Ferreira \u00a0e Silvio Navarro Promotoria denuncia Barros Munhoz por ter recebido R$ 1 mi quando era prefeito A\u00e7\u00e3o gerou bloqueio do patrim\u00f4nio do deputado tucano, que deve ser reeleito para o comando do Legislativo de SP O presidente da Assembleia Legislativa de S\u00e3o Paulo, deputado Barros Munhoz (PSDB), \u00e9 acusado [&hellip;]\" \/>\n<meta property=\"og:url\" content=\"https:\/\/boselli.com.br\/11032011-presidente-da-assembleia-e-acusado-de-desvio-de-verbas\/\" \/>\n<meta property=\"og:site_name\" content=\"Boselli Licita\u00e7\u00f5es\" \/>\n<meta property=\"article:published_time\" content=\"2011-03-11T11:56:17+00:00\" \/>\n<meta property=\"article:modified_time\" content=\"2025-01-22T13:50:22+00:00\" \/>\n<meta property=\"og:image\" content=\"https:\/\/boselli.com.br\/site\/wp-content\/uploads\/2025\/01\/boselli-consultoria-licitacao-destacada-geral.jpg\" \/>\n\t<meta property=\"og:image:width\" content=\"1350\" \/>\n\t<meta property=\"og:image:height\" content=\"900\" \/>\n\t<meta property=\"og:image:type\" content=\"image\/jpeg\" \/>\n<meta name=\"author\" content=\"Paulo Boselli\" \/>\n<meta name=\"twitter:card\" content=\"summary_large_image\" \/>\n<meta name=\"twitter:label1\" content=\"Escrito por\" \/>\n\t<meta name=\"twitter:data1\" content=\"Paulo Boselli\" \/>\n\t<meta name=\"twitter:label2\" content=\"Est. tempo de leitura\" \/>\n\t<meta name=\"twitter:data2\" content=\"4 minutos\" \/>\n<script type=\"application\/ld+json\" class=\"yoast-schema-graph\">{\"@context\":\"https:\/\/schema.org\",\"@graph\":[{\"@type\":\"Article\",\"@id\":\"https:\/\/boselli.com.br\/11032011-presidente-da-assembleia-e-acusado-de-desvio-de-verbas\/#article\",\"isPartOf\":{\"@id\":\"https:\/\/boselli.com.br\/11032011-presidente-da-assembleia-e-acusado-de-desvio-de-verbas\/\"},\"author\":{\"name\":\"Paulo Boselli\",\"@id\":\"https:\/\/boselli.com.br\/#\/schema\/person\/4dcd2c90156c9b28e990848ee2112775\"},\"headline\":\"11\/03\/2011 &#8211; Presidente da Assembleia \u00e9 acusado de desvio de verbas\",\"datePublished\":\"2011-03-11T11:56:17+00:00\",\"dateModified\":\"2025-01-22T13:50:22+00:00\",\"mainEntityOfPage\":{\"@id\":\"https:\/\/boselli.com.br\/11032011-presidente-da-assembleia-e-acusado-de-desvio-de-verbas\/\"},\"wordCount\":709,\"publisher\":{\"@id\":\"https:\/\/boselli.com.br\/#organization\"},\"image\":{\"@id\":\"https:\/\/boselli.com.br\/11032011-presidente-da-assembleia-e-acusado-de-desvio-de-verbas\/#primaryimage\"},\"thumbnailUrl\":\"https:\/\/boselli.com.br\/site\/wp-content\/uploads\/2025\/01\/boselli-consultoria-licitacao-destacada-geral.jpg\",\"articleSection\":[\"Geral\"],\"inLanguage\":\"pt-BR\"},{\"@type\":\"WebPage\",\"@id\":\"https:\/\/boselli.com.br\/11032011-presidente-da-assembleia-e-acusado-de-desvio-de-verbas\/\",\"url\":\"https:\/\/boselli.com.br\/11032011-presidente-da-assembleia-e-acusado-de-desvio-de-verbas\/\",\"name\":\"11\/03\/2011 - Presidente da Assembleia \u00e9 acusado de desvio de verbas - Boselli Licita\u00e7\u00f5es\",\"isPartOf\":{\"@id\":\"https:\/\/boselli.com.br\/#website\"},\"primaryImageOfPage\":{\"@id\":\"https:\/\/boselli.com.br\/11032011-presidente-da-assembleia-e-acusado-de-desvio-de-verbas\/#primaryimage\"},\"image\":{\"@id\":\"https:\/\/boselli.com.br\/11032011-presidente-da-assembleia-e-acusado-de-desvio-de-verbas\/#primaryimage\"},\"thumbnailUrl\":\"https:\/\/boselli.com.br\/site\/wp-content\/uploads\/2025\/01\/boselli-consultoria-licitacao-destacada-geral.jpg\",\"datePublished\":\"2011-03-11T11:56:17+00:00\",\"dateModified\":\"2025-01-22T13:50:22+00:00\",\"breadcrumb\":{\"@id\":\"https:\/\/boselli.com.br\/11032011-presidente-da-assembleia-e-acusado-de-desvio-de-verbas\/#breadcrumb\"},\"inLanguage\":\"pt-BR\",\"potentialAction\":[{\"@type\":\"ReadAction\",\"target\":[\"https:\/\/boselli.com.br\/11032011-presidente-da-assembleia-e-acusado-de-desvio-de-verbas\/\"]}]},{\"@type\":\"ImageObject\",\"inLanguage\":\"pt-BR\",\"@id\":\"https:\/\/boselli.com.br\/11032011-presidente-da-assembleia-e-acusado-de-desvio-de-verbas\/#primaryimage\",\"url\":\"https:\/\/boselli.com.br\/site\/wp-content\/uploads\/2025\/01\/boselli-consultoria-licitacao-destacada-geral.jpg\",\"contentUrl\":\"https:\/\/boselli.com.br\/site\/wp-content\/uploads\/2025\/01\/boselli-consultoria-licitacao-destacada-geral.jpg\",\"width\":1350,\"height\":900},{\"@type\":\"BreadcrumbList\",\"@id\":\"https:\/\/boselli.com.br\/11032011-presidente-da-assembleia-e-acusado-de-desvio-de-verbas\/#breadcrumb\",\"itemListElement\":[{\"@type\":\"ListItem\",\"position\":1,\"name\":\"In\u00edcio\",\"item\":\"https:\/\/boselli.com.br\/\"},{\"@type\":\"ListItem\",\"position\":2,\"name\":\"11\/03\/2011 &#8211; Presidente da Assembleia \u00e9 acusado de desvio de verbas\"}]},{\"@type\":\"WebSite\",\"@id\":\"https:\/\/boselli.com.br\/#website\",\"url\":\"https:\/\/boselli.com.br\/\",\"name\":\"Boselli Licita\u00e7\u00f5es\",\"description\":\"\",\"publisher\":{\"@id\":\"https:\/\/boselli.com.br\/#organization\"},\"potentialAction\":[{\"@type\":\"SearchAction\",\"target\":{\"@type\":\"EntryPoint\",\"urlTemplate\":\"https:\/\/boselli.com.br\/?s={search_term_string}\"},\"query-input\":{\"@type\":\"PropertyValueSpecification\",\"valueRequired\":true,\"valueName\":\"search_term_string\"}}],\"inLanguage\":\"pt-BR\"},{\"@type\":\"Organization\",\"@id\":\"https:\/\/boselli.com.br\/#organization\",\"name\":\"Boselli Consultoria\",\"url\":\"https:\/\/boselli.com.br\/\",\"logo\":{\"@type\":\"ImageObject\",\"inLanguage\":\"pt-BR\",\"@id\":\"https:\/\/boselli.com.br\/#\/schema\/logo\/image\/\",\"url\":\"https:\/\/boselli.com.br\/site\/wp-content\/uploads\/2025\/01\/cropped-boselli-licitacoes-so-marca-100.png\",\"contentUrl\":\"https:\/\/boselli.com.br\/site\/wp-content\/uploads\/2025\/01\/cropped-boselli-licitacoes-so-marca-100.png\",\"width\":295,\"height\":100,\"caption\":\"Boselli Consultoria\"},\"image\":{\"@id\":\"https:\/\/boselli.com.br\/#\/schema\/logo\/image\/\"}},{\"@type\":\"Person\",\"@id\":\"https:\/\/boselli.com.br\/#\/schema\/person\/4dcd2c90156c9b28e990848ee2112775\",\"name\":\"Paulo Boselli\",\"image\":{\"@type\":\"ImageObject\",\"inLanguage\":\"pt-BR\",\"@id\":\"https:\/\/boselli.com.br\/#\/schema\/person\/image\/\",\"url\":\"https:\/\/boselli.com.br\/site\/wp-content\/uploads\/2025\/01\/paulo-boselli-advogado-licitacao.png-150x150.jpg\",\"contentUrl\":\"https:\/\/boselli.com.br\/site\/wp-content\/uploads\/2025\/01\/paulo-boselli-advogado-licitacao.png-150x150.jpg\",\"caption\":\"Paulo Boselli\"},\"url\":\"https:\/\/boselli.com.br\/site\/author\/boselli\/\"}]}<\/script>\n<!-- \/ Yoast SEO plugin. -->","yoast_head_json":{"title":"11\/03\/2011 - Presidente da Assembleia \u00e9 acusado de desvio de verbas - Boselli Licita\u00e7\u00f5es","robots":{"index":"index","follow":"follow","max-snippet":"max-snippet:-1","max-image-preview":"max-image-preview:large","max-video-preview":"max-video-preview:-1"},"canonical":"https:\/\/boselli.com.br\/11032011-presidente-da-assembleia-e-acusado-de-desvio-de-verbas\/","og_locale":"pt_BR","og_type":"article","og_title":"11\/03\/2011 - Presidente da Assembleia \u00e9 acusado de desvio de verbas - Boselli Licita\u00e7\u00f5es","og_description":"Folha de S. Paulo Fl\u00e1vio Ferreira \u00a0e Silvio Navarro Promotoria denuncia Barros Munhoz por ter recebido R$ 1 mi quando era prefeito A\u00e7\u00e3o gerou bloqueio do patrim\u00f4nio do deputado tucano, que deve ser reeleito para o comando do Legislativo de SP O presidente da Assembleia Legislativa de S\u00e3o Paulo, deputado Barros Munhoz (PSDB), \u00e9 acusado [&hellip;]","og_url":"https:\/\/boselli.com.br\/11032011-presidente-da-assembleia-e-acusado-de-desvio-de-verbas\/","og_site_name":"Boselli Licita\u00e7\u00f5es","article_published_time":"2011-03-11T11:56:17+00:00","article_modified_time":"2025-01-22T13:50:22+00:00","og_image":[{"width":1350,"height":900,"url":"https:\/\/boselli.com.br\/site\/wp-content\/uploads\/2025\/01\/boselli-consultoria-licitacao-destacada-geral.jpg","type":"image\/jpeg"}],"author":"Paulo Boselli","twitter_card":"summary_large_image","twitter_misc":{"Escrito por":"Paulo Boselli","Est. tempo de leitura":"4 minutos"},"schema":{"@context":"https:\/\/schema.org","@graph":[{"@type":"Article","@id":"https:\/\/boselli.com.br\/11032011-presidente-da-assembleia-e-acusado-de-desvio-de-verbas\/#article","isPartOf":{"@id":"https:\/\/boselli.com.br\/11032011-presidente-da-assembleia-e-acusado-de-desvio-de-verbas\/"},"author":{"name":"Paulo Boselli","@id":"https:\/\/boselli.com.br\/#\/schema\/person\/4dcd2c90156c9b28e990848ee2112775"},"headline":"11\/03\/2011 &#8211; Presidente da Assembleia \u00e9 acusado de desvio de verbas","datePublished":"2011-03-11T11:56:17+00:00","dateModified":"2025-01-22T13:50:22+00:00","mainEntityOfPage":{"@id":"https:\/\/boselli.com.br\/11032011-presidente-da-assembleia-e-acusado-de-desvio-de-verbas\/"},"wordCount":709,"publisher":{"@id":"https:\/\/boselli.com.br\/#organization"},"image":{"@id":"https:\/\/boselli.com.br\/11032011-presidente-da-assembleia-e-acusado-de-desvio-de-verbas\/#primaryimage"},"thumbnailUrl":"https:\/\/boselli.com.br\/site\/wp-content\/uploads\/2025\/01\/boselli-consultoria-licitacao-destacada-geral.jpg","articleSection":["Geral"],"inLanguage":"pt-BR"},{"@type":"WebPage","@id":"https:\/\/boselli.com.br\/11032011-presidente-da-assembleia-e-acusado-de-desvio-de-verbas\/","url":"https:\/\/boselli.com.br\/11032011-presidente-da-assembleia-e-acusado-de-desvio-de-verbas\/","name":"11\/03\/2011 - Presidente da Assembleia \u00e9 acusado de desvio de verbas - Boselli Licita\u00e7\u00f5es","isPartOf":{"@id":"https:\/\/boselli.com.br\/#website"},"primaryImageOfPage":{"@id":"https:\/\/boselli.com.br\/11032011-presidente-da-assembleia-e-acusado-de-desvio-de-verbas\/#primaryimage"},"image":{"@id":"https:\/\/boselli.com.br\/11032011-presidente-da-assembleia-e-acusado-de-desvio-de-verbas\/#primaryimage"},"thumbnailUrl":"https:\/\/boselli.com.br\/site\/wp-content\/uploads\/2025\/01\/boselli-consultoria-licitacao-destacada-geral.jpg","datePublished":"2011-03-11T11:56:17+00:00","dateModified":"2025-01-22T13:50:22+00:00","breadcrumb":{"@id":"https:\/\/boselli.com.br\/11032011-presidente-da-assembleia-e-acusado-de-desvio-de-verbas\/#breadcrumb"},"inLanguage":"pt-BR","potentialAction":[{"@type":"ReadAction","target":["https:\/\/boselli.com.br\/11032011-presidente-da-assembleia-e-acusado-de-desvio-de-verbas\/"]}]},{"@type":"ImageObject","inLanguage":"pt-BR","@id":"https:\/\/boselli.com.br\/11032011-presidente-da-assembleia-e-acusado-de-desvio-de-verbas\/#primaryimage","url":"https:\/\/boselli.com.br\/site\/wp-content\/uploads\/2025\/01\/boselli-consultoria-licitacao-destacada-geral.jpg","contentUrl":"https:\/\/boselli.com.br\/site\/wp-content\/uploads\/2025\/01\/boselli-consultoria-licitacao-destacada-geral.jpg","width":1350,"height":900},{"@type":"BreadcrumbList","@id":"https:\/\/boselli.com.br\/11032011-presidente-da-assembleia-e-acusado-de-desvio-de-verbas\/#breadcrumb","itemListElement":[{"@type":"ListItem","position":1,"name":"In\u00edcio","item":"https:\/\/boselli.com.br\/"},{"@type":"ListItem","position":2,"name":"11\/03\/2011 &#8211; Presidente da Assembleia \u00e9 acusado de desvio de verbas"}]},{"@type":"WebSite","@id":"https:\/\/boselli.com.br\/#website","url":"https:\/\/boselli.com.br\/","name":"Boselli Licita\u00e7\u00f5es","description":"","publisher":{"@id":"https:\/\/boselli.com.br\/#organization"},"potentialAction":[{"@type":"SearchAction","target":{"@type":"EntryPoint","urlTemplate":"https:\/\/boselli.com.br\/?s={search_term_string}"},"query-input":{"@type":"PropertyValueSpecification","valueRequired":true,"valueName":"search_term_string"}}],"inLanguage":"pt-BR"},{"@type":"Organization","@id":"https:\/\/boselli.com.br\/#organization","name":"Boselli Consultoria","url":"https:\/\/boselli.com.br\/","logo":{"@type":"ImageObject","inLanguage":"pt-BR","@id":"https:\/\/boselli.com.br\/#\/schema\/logo\/image\/","url":"https:\/\/boselli.com.br\/site\/wp-content\/uploads\/2025\/01\/cropped-boselli-licitacoes-so-marca-100.png","contentUrl":"https:\/\/boselli.com.br\/site\/wp-content\/uploads\/2025\/01\/cropped-boselli-licitacoes-so-marca-100.png","width":295,"height":100,"caption":"Boselli Consultoria"},"image":{"@id":"https:\/\/boselli.com.br\/#\/schema\/logo\/image\/"}},{"@type":"Person","@id":"https:\/\/boselli.com.br\/#\/schema\/person\/4dcd2c90156c9b28e990848ee2112775","name":"Paulo Boselli","image":{"@type":"ImageObject","inLanguage":"pt-BR","@id":"https:\/\/boselli.com.br\/#\/schema\/person\/image\/","url":"https:\/\/boselli.com.br\/site\/wp-content\/uploads\/2025\/01\/paulo-boselli-advogado-licitacao.png-150x150.jpg","contentUrl":"https:\/\/boselli.com.br\/site\/wp-content\/uploads\/2025\/01\/paulo-boselli-advogado-licitacao.png-150x150.jpg","caption":"Paulo Boselli"},"url":"https:\/\/boselli.com.br\/site\/author\/boselli\/"}]}},"_links":{"self":[{"href":"https:\/\/boselli.com.br\/site\/wp-json\/wp\/v2\/posts\/1694","targetHints":{"allow":["GET"]}}],"collection":[{"href":"https:\/\/boselli.com.br\/site\/wp-json\/wp\/v2\/posts"}],"about":[{"href":"https:\/\/boselli.com.br\/site\/wp-json\/wp\/v2\/types\/post"}],"author":[{"embeddable":true,"href":"https:\/\/boselli.com.br\/site\/wp-json\/wp\/v2\/users\/5"}],"replies":[{"embeddable":true,"href":"https:\/\/boselli.com.br\/site\/wp-json\/wp\/v2\/comments?post=1694"}],"version-history":[{"count":1,"href":"https:\/\/boselli.com.br\/site\/wp-json\/wp\/v2\/posts\/1694\/revisions"}],"predecessor-version":[{"id":30796,"href":"https:\/\/boselli.com.br\/site\/wp-json\/wp\/v2\/posts\/1694\/revisions\/30796"}],"wp:featuredmedia":[{"embeddable":true,"href":"https:\/\/boselli.com.br\/site\/wp-json\/wp\/v2\/media\/32871"}],"wp:attachment":[{"href":"https:\/\/boselli.com.br\/site\/wp-json\/wp\/v2\/media?parent=1694"}],"wp:term":[{"taxonomy":"category","embeddable":true,"href":"https:\/\/boselli.com.br\/site\/wp-json\/wp\/v2\/categories?post=1694"},{"taxonomy":"post_tag","embeddable":true,"href":"https:\/\/boselli.com.br\/site\/wp-json\/wp\/v2\/tags?post=1694"}],"curies":[{"name":"wp","href":"https:\/\/api.w.org\/{rel}","templated":true}]}}