{"id":2482,"date":"2011-08-23T12:46:47","date_gmt":"2011-08-23T12:46:47","guid":{"rendered":"https:\/\/boselli.com.br\/?p=2482"},"modified":"2025-01-22T10:50:00","modified_gmt":"2025-01-22T13:50:00","slug":"23082011-promotores-querem-rigor-contra-carteis","status":"publish","type":"post","link":"https:\/\/boselli.com.br\/site\/23082011-promotores-querem-rigor-contra-carteis\/","title":{"rendered":"23\/08\/2011 &#8211; Promotores querem rigor contra cart\u00e9is"},"content":{"rendered":"<p style=\"text-align: right;\">O Estado de S. Paulo<br \/>\nFausto Macedo<\/p>\n<p style=\"text-align: justify;\">Cartilha lan\u00e7ada ap\u00f3s encontro recomenda aos governantes coibir jogo de planilha em licita\u00e7\u00e3o<\/p>\n<p style=\"text-align: justify;\">Promotores de Justi\u00e7a especialistas no combate \u00e0 improbidade e \u00e0 corrup\u00e7\u00e3o querem mais rigor da administra\u00e7\u00e3o no cumprimento dos processos de licita\u00e7\u00f5es para obras.<\/p>\n<p style=\"text-align: justify;\">Ap\u00f3s tr\u00eas dias reunidos em S\u00e3o Paulo, eles aprovaram, na sexta-feira, documento com 18 recomenda\u00e7\u00f5es a governantes e gestores de recursos p\u00fablicos para que co\u00edbam a forma\u00e7\u00e3o de cart\u00e9is e o jogo de planilhas &#8211; expediente usual de empreiteiras para altera\u00e7\u00f5es no contrato, for\u00e7ando pagamentos adicionais.<\/p>\n<p style=\"text-align: justify;\">O texto \u00e9 dividido em quatro cap\u00edtulos &#8211; planejamento, licita\u00e7\u00e3o, execu\u00e7\u00e3o e fiscaliza\u00e7\u00e3o das obras. Reuniram-se 150 promotores e procuradores de defesa do patrim\u00f4nio p\u00fablico e social, bra\u00e7o do Minist\u00e9rio P\u00fablico que investiga viola\u00e7\u00f5es \u00e0 Lei de Improbidade. Participaram peritos criminais da Pol\u00edcia Federal.<\/p>\n<p style=\"text-align: justify;\">A recomenda\u00e7\u00e3o \u00e9 um alerta para que o gestor adote conduta severa no cumprimento \u00e0 Lei de Licita\u00e7\u00f5es. Se a miss\u00e3o falhar, a promotoria pode ingressar na Justi\u00e7a com a\u00e7\u00e3o civil e enquadrar o agente por improbidade.<\/p>\n<p style=\"text-align: justify;\">No item licita\u00e7\u00f5es, os promotores assinalam que &#8220;a fim de dificultar a forma\u00e7\u00e3o de cart\u00e9is, deve-se expedir recomenda\u00e7\u00e3o para que o inteiro teor do edital de licita\u00e7\u00e3o esteja acess\u00edvel no s\u00edtio da administra\u00e7\u00e3o na internet&#8221;. Recomendam provid\u00eancias para a &#8220;devida capacita\u00e7\u00e3o dos integrantes da comiss\u00e3o de licita\u00e7\u00f5es, e, sempre que poss\u00edvel, viabilizar-lhes o exerc\u00edcio exclusivo das fun\u00e7\u00f5es da comiss\u00e3o, afastando-se a cumula\u00e7\u00e3o de outras no servi\u00e7o p\u00fablico&#8221;. Os prefeitos dever\u00e3o fazer levantamento de obras inacabadas no \u00e2mbito territorial de atua\u00e7\u00e3o, &#8220;propondo medidas para evitar desperd\u00edcio de recursos p\u00fablicos e fixar responsabilidades&#8221;.<\/p>\n<p style=\"text-align: justify;\">Os promotores querem intensifica\u00e7\u00e3o do compartilhamento de informa\u00e7\u00f5es com os \u00f3rg\u00e3os de controle, como o Tribunal de Contas (TCU), &#8220;visando impedir a celebra\u00e7\u00e3o de contratos com empresas declaradas inid\u00f4neas por j\u00e1 terem fraudado licita\u00e7\u00e3o ou contrato&#8221;, al\u00e9m de &#8220;verifica\u00e7\u00e3o criteriosa das prorroga\u00e7\u00f5es dos contratos de concess\u00e3o, de modo a evitar manifesta burla \u00e0 necessidade de nova licita\u00e7\u00e3o&#8221;.<\/p>\n<p style=\"text-align: justify;\">&nbsp;<\/p>\n","protected":false},"excerpt":{"rendered":"<p>O Estado de S. Paulo Fausto Macedo Cartilha lan\u00e7ada ap\u00f3s encontro recomenda aos governantes coibir jogo de planilha em licita\u00e7\u00e3o Promotores de Justi\u00e7a especialistas no combate \u00e0 improbidade e \u00e0 corrup\u00e7\u00e3o querem mais rigor da administra\u00e7\u00e3o no cumprimento dos processos de licita\u00e7\u00f5es para obras. Ap\u00f3s tr\u00eas dias reunidos em S\u00e3o Paulo, eles aprovaram, na sexta-feira, [&hellip;]<\/p>\n","protected":false},"author":5,"featured_media":32871,"comment_status":"closed","ping_status":"open","sticky":false,"template":"","format":"standard","meta":{"footnotes":""},"categories":[3],"tags":[],"class_list":["post-2482","post","type-post","status-publish","format-standard","has-post-thumbnail","hentry","category-geral"],"yoast_head":"<!-- This site is optimized with the Yoast SEO plugin v25.5 - https:\/\/yoast.com\/wordpress\/plugins\/seo\/ -->\n<title>23\/08\/2011 - Promotores querem rigor contra cart\u00e9is - Boselli Licita\u00e7\u00f5es<\/title>\n<meta name=\"robots\" content=\"index, follow, max-snippet:-1, max-image-preview:large, max-video-preview:-1\" \/>\n<link rel=\"canonical\" href=\"https:\/\/boselli.com.br\/23082011-promotores-querem-rigor-contra-carteis\/\" \/>\n<meta property=\"og:locale\" content=\"pt_BR\" \/>\n<meta property=\"og:type\" content=\"article\" \/>\n<meta property=\"og:title\" content=\"23\/08\/2011 - Promotores querem rigor contra cart\u00e9is - Boselli Licita\u00e7\u00f5es\" \/>\n<meta property=\"og:description\" content=\"O Estado de S. Paulo Fausto Macedo Cartilha lan\u00e7ada ap\u00f3s encontro recomenda aos governantes coibir jogo de planilha em licita\u00e7\u00e3o Promotores de Justi\u00e7a especialistas no combate \u00e0 improbidade e \u00e0 corrup\u00e7\u00e3o querem mais rigor da administra\u00e7\u00e3o no cumprimento dos processos de licita\u00e7\u00f5es para obras. Ap\u00f3s tr\u00eas dias reunidos em S\u00e3o Paulo, eles aprovaram, na sexta-feira, [&hellip;]\" \/>\n<meta property=\"og:url\" content=\"https:\/\/boselli.com.br\/23082011-promotores-querem-rigor-contra-carteis\/\" \/>\n<meta property=\"og:site_name\" content=\"Boselli Licita\u00e7\u00f5es\" \/>\n<meta property=\"article:published_time\" content=\"2011-08-23T12:46:47+00:00\" \/>\n<meta property=\"article:modified_time\" content=\"2025-01-22T13:50:00+00:00\" \/>\n<meta property=\"og:image\" content=\"https:\/\/boselli.com.br\/site\/wp-content\/uploads\/2025\/01\/boselli-consultoria-licitacao-destacada-geral.jpg\" \/>\n\t<meta property=\"og:image:width\" content=\"1350\" \/>\n\t<meta property=\"og:image:height\" content=\"900\" \/>\n\t<meta property=\"og:image:type\" content=\"image\/jpeg\" \/>\n<meta name=\"author\" content=\"Paulo Boselli\" \/>\n<meta name=\"twitter:card\" content=\"summary_large_image\" \/>\n<meta name=\"twitter:label1\" content=\"Escrito por\" \/>\n\t<meta name=\"twitter:data1\" content=\"Paulo Boselli\" \/>\n\t<meta name=\"twitter:label2\" content=\"Est. tempo de leitura\" \/>\n\t<meta name=\"twitter:data2\" content=\"2 minutos\" \/>\n<script type=\"application\/ld+json\" class=\"yoast-schema-graph\">{\"@context\":\"https:\/\/schema.org\",\"@graph\":[{\"@type\":\"Article\",\"@id\":\"https:\/\/boselli.com.br\/23082011-promotores-querem-rigor-contra-carteis\/#article\",\"isPartOf\":{\"@id\":\"https:\/\/boselli.com.br\/23082011-promotores-querem-rigor-contra-carteis\/\"},\"author\":{\"name\":\"Paulo Boselli\",\"@id\":\"https:\/\/boselli.com.br\/#\/schema\/person\/4dcd2c90156c9b28e990848ee2112775\"},\"headline\":\"23\/08\/2011 &#8211; Promotores querem rigor contra cart\u00e9is\",\"datePublished\":\"2011-08-23T12:46:47+00:00\",\"dateModified\":\"2025-01-22T13:50:00+00:00\",\"mainEntityOfPage\":{\"@id\":\"https:\/\/boselli.com.br\/23082011-promotores-querem-rigor-contra-carteis\/\"},\"wordCount\":385,\"publisher\":{\"@id\":\"https:\/\/boselli.com.br\/#organization\"},\"image\":{\"@id\":\"https:\/\/boselli.com.br\/23082011-promotores-querem-rigor-contra-carteis\/#primaryimage\"},\"thumbnailUrl\":\"https:\/\/boselli.com.br\/site\/wp-content\/uploads\/2025\/01\/boselli-consultoria-licitacao-destacada-geral.jpg\",\"articleSection\":[\"Geral\"],\"inLanguage\":\"pt-BR\"},{\"@type\":\"WebPage\",\"@id\":\"https:\/\/boselli.com.br\/23082011-promotores-querem-rigor-contra-carteis\/\",\"url\":\"https:\/\/boselli.com.br\/23082011-promotores-querem-rigor-contra-carteis\/\",\"name\":\"23\/08\/2011 - Promotores querem rigor contra cart\u00e9is - Boselli Licita\u00e7\u00f5es\",\"isPartOf\":{\"@id\":\"https:\/\/boselli.com.br\/#website\"},\"primaryImageOfPage\":{\"@id\":\"https:\/\/boselli.com.br\/23082011-promotores-querem-rigor-contra-carteis\/#primaryimage\"},\"image\":{\"@id\":\"https:\/\/boselli.com.br\/23082011-promotores-querem-rigor-contra-carteis\/#primaryimage\"},\"thumbnailUrl\":\"https:\/\/boselli.com.br\/site\/wp-content\/uploads\/2025\/01\/boselli-consultoria-licitacao-destacada-geral.jpg\",\"datePublished\":\"2011-08-23T12:46:47+00:00\",\"dateModified\":\"2025-01-22T13:50:00+00:00\",\"breadcrumb\":{\"@id\":\"https:\/\/boselli.com.br\/23082011-promotores-querem-rigor-contra-carteis\/#breadcrumb\"},\"inLanguage\":\"pt-BR\",\"potentialAction\":[{\"@type\":\"ReadAction\",\"target\":[\"https:\/\/boselli.com.br\/23082011-promotores-querem-rigor-contra-carteis\/\"]}]},{\"@type\":\"ImageObject\",\"inLanguage\":\"pt-BR\",\"@id\":\"https:\/\/boselli.com.br\/23082011-promotores-querem-rigor-contra-carteis\/#primaryimage\",\"url\":\"https:\/\/boselli.com.br\/site\/wp-content\/uploads\/2025\/01\/boselli-consultoria-licitacao-destacada-geral.jpg\",\"contentUrl\":\"https:\/\/boselli.com.br\/site\/wp-content\/uploads\/2025\/01\/boselli-consultoria-licitacao-destacada-geral.jpg\",\"width\":1350,\"height\":900},{\"@type\":\"BreadcrumbList\",\"@id\":\"https:\/\/boselli.com.br\/23082011-promotores-querem-rigor-contra-carteis\/#breadcrumb\",\"itemListElement\":[{\"@type\":\"ListItem\",\"position\":1,\"name\":\"In\u00edcio\",\"item\":\"https:\/\/boselli.com.br\/\"},{\"@type\":\"ListItem\",\"position\":2,\"name\":\"23\/08\/2011 &#8211; Promotores querem rigor contra cart\u00e9is\"}]},{\"@type\":\"WebSite\",\"@id\":\"https:\/\/boselli.com.br\/#website\",\"url\":\"https:\/\/boselli.com.br\/\",\"name\":\"Boselli Licita\u00e7\u00f5es\",\"description\":\"\",\"publisher\":{\"@id\":\"https:\/\/boselli.com.br\/#organization\"},\"potentialAction\":[{\"@type\":\"SearchAction\",\"target\":{\"@type\":\"EntryPoint\",\"urlTemplate\":\"https:\/\/boselli.com.br\/?s={search_term_string}\"},\"query-input\":{\"@type\":\"PropertyValueSpecification\",\"valueRequired\":true,\"valueName\":\"search_term_string\"}}],\"inLanguage\":\"pt-BR\"},{\"@type\":\"Organization\",\"@id\":\"https:\/\/boselli.com.br\/#organization\",\"name\":\"Boselli Consultoria\",\"url\":\"https:\/\/boselli.com.br\/\",\"logo\":{\"@type\":\"ImageObject\",\"inLanguage\":\"pt-BR\",\"@id\":\"https:\/\/boselli.com.br\/#\/schema\/logo\/image\/\",\"url\":\"https:\/\/boselli.com.br\/site\/wp-content\/uploads\/2025\/01\/cropped-boselli-licitacoes-so-marca-100.png\",\"contentUrl\":\"https:\/\/boselli.com.br\/site\/wp-content\/uploads\/2025\/01\/cropped-boselli-licitacoes-so-marca-100.png\",\"width\":295,\"height\":100,\"caption\":\"Boselli Consultoria\"},\"image\":{\"@id\":\"https:\/\/boselli.com.br\/#\/schema\/logo\/image\/\"}},{\"@type\":\"Person\",\"@id\":\"https:\/\/boselli.com.br\/#\/schema\/person\/4dcd2c90156c9b28e990848ee2112775\",\"name\":\"Paulo Boselli\",\"image\":{\"@type\":\"ImageObject\",\"inLanguage\":\"pt-BR\",\"@id\":\"https:\/\/boselli.com.br\/#\/schema\/person\/image\/\",\"url\":\"https:\/\/boselli.com.br\/site\/wp-content\/uploads\/2025\/01\/paulo-boselli-advogado-licitacao.png-150x150.jpg\",\"contentUrl\":\"https:\/\/boselli.com.br\/site\/wp-content\/uploads\/2025\/01\/paulo-boselli-advogado-licitacao.png-150x150.jpg\",\"caption\":\"Paulo Boselli\"},\"url\":\"https:\/\/boselli.com.br\/site\/author\/boselli\/\"}]}<\/script>\n<!-- \/ Yoast SEO plugin. -->","yoast_head_json":{"title":"23\/08\/2011 - Promotores querem rigor contra cart\u00e9is - Boselli Licita\u00e7\u00f5es","robots":{"index":"index","follow":"follow","max-snippet":"max-snippet:-1","max-image-preview":"max-image-preview:large","max-video-preview":"max-video-preview:-1"},"canonical":"https:\/\/boselli.com.br\/23082011-promotores-querem-rigor-contra-carteis\/","og_locale":"pt_BR","og_type":"article","og_title":"23\/08\/2011 - Promotores querem rigor contra cart\u00e9is - Boselli Licita\u00e7\u00f5es","og_description":"O Estado de S. Paulo Fausto Macedo Cartilha lan\u00e7ada ap\u00f3s encontro recomenda aos governantes coibir jogo de planilha em licita\u00e7\u00e3o Promotores de Justi\u00e7a especialistas no combate \u00e0 improbidade e \u00e0 corrup\u00e7\u00e3o querem mais rigor da administra\u00e7\u00e3o no cumprimento dos processos de licita\u00e7\u00f5es para obras. Ap\u00f3s tr\u00eas dias reunidos em S\u00e3o Paulo, eles aprovaram, na sexta-feira, [&hellip;]","og_url":"https:\/\/boselli.com.br\/23082011-promotores-querem-rigor-contra-carteis\/","og_site_name":"Boselli Licita\u00e7\u00f5es","article_published_time":"2011-08-23T12:46:47+00:00","article_modified_time":"2025-01-22T13:50:00+00:00","og_image":[{"width":1350,"height":900,"url":"https:\/\/boselli.com.br\/site\/wp-content\/uploads\/2025\/01\/boselli-consultoria-licitacao-destacada-geral.jpg","type":"image\/jpeg"}],"author":"Paulo Boselli","twitter_card":"summary_large_image","twitter_misc":{"Escrito por":"Paulo Boselli","Est. tempo de leitura":"2 minutos"},"schema":{"@context":"https:\/\/schema.org","@graph":[{"@type":"Article","@id":"https:\/\/boselli.com.br\/23082011-promotores-querem-rigor-contra-carteis\/#article","isPartOf":{"@id":"https:\/\/boselli.com.br\/23082011-promotores-querem-rigor-contra-carteis\/"},"author":{"name":"Paulo Boselli","@id":"https:\/\/boselli.com.br\/#\/schema\/person\/4dcd2c90156c9b28e990848ee2112775"},"headline":"23\/08\/2011 &#8211; Promotores querem rigor contra cart\u00e9is","datePublished":"2011-08-23T12:46:47+00:00","dateModified":"2025-01-22T13:50:00+00:00","mainEntityOfPage":{"@id":"https:\/\/boselli.com.br\/23082011-promotores-querem-rigor-contra-carteis\/"},"wordCount":385,"publisher":{"@id":"https:\/\/boselli.com.br\/#organization"},"image":{"@id":"https:\/\/boselli.com.br\/23082011-promotores-querem-rigor-contra-carteis\/#primaryimage"},"thumbnailUrl":"https:\/\/boselli.com.br\/site\/wp-content\/uploads\/2025\/01\/boselli-consultoria-licitacao-destacada-geral.jpg","articleSection":["Geral"],"inLanguage":"pt-BR"},{"@type":"WebPage","@id":"https:\/\/boselli.com.br\/23082011-promotores-querem-rigor-contra-carteis\/","url":"https:\/\/boselli.com.br\/23082011-promotores-querem-rigor-contra-carteis\/","name":"23\/08\/2011 - Promotores querem rigor contra cart\u00e9is - Boselli Licita\u00e7\u00f5es","isPartOf":{"@id":"https:\/\/boselli.com.br\/#website"},"primaryImageOfPage":{"@id":"https:\/\/boselli.com.br\/23082011-promotores-querem-rigor-contra-carteis\/#primaryimage"},"image":{"@id":"https:\/\/boselli.com.br\/23082011-promotores-querem-rigor-contra-carteis\/#primaryimage"},"thumbnailUrl":"https:\/\/boselli.com.br\/site\/wp-content\/uploads\/2025\/01\/boselli-consultoria-licitacao-destacada-geral.jpg","datePublished":"2011-08-23T12:46:47+00:00","dateModified":"2025-01-22T13:50:00+00:00","breadcrumb":{"@id":"https:\/\/boselli.com.br\/23082011-promotores-querem-rigor-contra-carteis\/#breadcrumb"},"inLanguage":"pt-BR","potentialAction":[{"@type":"ReadAction","target":["https:\/\/boselli.com.br\/23082011-promotores-querem-rigor-contra-carteis\/"]}]},{"@type":"ImageObject","inLanguage":"pt-BR","@id":"https:\/\/boselli.com.br\/23082011-promotores-querem-rigor-contra-carteis\/#primaryimage","url":"https:\/\/boselli.com.br\/site\/wp-content\/uploads\/2025\/01\/boselli-consultoria-licitacao-destacada-geral.jpg","contentUrl":"https:\/\/boselli.com.br\/site\/wp-content\/uploads\/2025\/01\/boselli-consultoria-licitacao-destacada-geral.jpg","width":1350,"height":900},{"@type":"BreadcrumbList","@id":"https:\/\/boselli.com.br\/23082011-promotores-querem-rigor-contra-carteis\/#breadcrumb","itemListElement":[{"@type":"ListItem","position":1,"name":"In\u00edcio","item":"https:\/\/boselli.com.br\/"},{"@type":"ListItem","position":2,"name":"23\/08\/2011 &#8211; Promotores querem rigor contra cart\u00e9is"}]},{"@type":"WebSite","@id":"https:\/\/boselli.com.br\/#website","url":"https:\/\/boselli.com.br\/","name":"Boselli Licita\u00e7\u00f5es","description":"","publisher":{"@id":"https:\/\/boselli.com.br\/#organization"},"potentialAction":[{"@type":"SearchAction","target":{"@type":"EntryPoint","urlTemplate":"https:\/\/boselli.com.br\/?s={search_term_string}"},"query-input":{"@type":"PropertyValueSpecification","valueRequired":true,"valueName":"search_term_string"}}],"inLanguage":"pt-BR"},{"@type":"Organization","@id":"https:\/\/boselli.com.br\/#organization","name":"Boselli Consultoria","url":"https:\/\/boselli.com.br\/","logo":{"@type":"ImageObject","inLanguage":"pt-BR","@id":"https:\/\/boselli.com.br\/#\/schema\/logo\/image\/","url":"https:\/\/boselli.com.br\/site\/wp-content\/uploads\/2025\/01\/cropped-boselli-licitacoes-so-marca-100.png","contentUrl":"https:\/\/boselli.com.br\/site\/wp-content\/uploads\/2025\/01\/cropped-boselli-licitacoes-so-marca-100.png","width":295,"height":100,"caption":"Boselli Consultoria"},"image":{"@id":"https:\/\/boselli.com.br\/#\/schema\/logo\/image\/"}},{"@type":"Person","@id":"https:\/\/boselli.com.br\/#\/schema\/person\/4dcd2c90156c9b28e990848ee2112775","name":"Paulo Boselli","image":{"@type":"ImageObject","inLanguage":"pt-BR","@id":"https:\/\/boselli.com.br\/#\/schema\/person\/image\/","url":"https:\/\/boselli.com.br\/site\/wp-content\/uploads\/2025\/01\/paulo-boselli-advogado-licitacao.png-150x150.jpg","contentUrl":"https:\/\/boselli.com.br\/site\/wp-content\/uploads\/2025\/01\/paulo-boselli-advogado-licitacao.png-150x150.jpg","caption":"Paulo Boselli"},"url":"https:\/\/boselli.com.br\/site\/author\/boselli\/"}]}},"_links":{"self":[{"href":"https:\/\/boselli.com.br\/site\/wp-json\/wp\/v2\/posts\/2482","targetHints":{"allow":["GET"]}}],"collection":[{"href":"https:\/\/boselli.com.br\/site\/wp-json\/wp\/v2\/posts"}],"about":[{"href":"https:\/\/boselli.com.br\/site\/wp-json\/wp\/v2\/types\/post"}],"author":[{"embeddable":true,"href":"https:\/\/boselli.com.br\/site\/wp-json\/wp\/v2\/users\/5"}],"replies":[{"embeddable":true,"href":"https:\/\/boselli.com.br\/site\/wp-json\/wp\/v2\/comments?post=2482"}],"version-history":[{"count":1,"href":"https:\/\/boselli.com.br\/site\/wp-json\/wp\/v2\/posts\/2482\/revisions"}],"predecessor-version":[{"id":30635,"href":"https:\/\/boselli.com.br\/site\/wp-json\/wp\/v2\/posts\/2482\/revisions\/30635"}],"wp:featuredmedia":[{"embeddable":true,"href":"https:\/\/boselli.com.br\/site\/wp-json\/wp\/v2\/media\/32871"}],"wp:attachment":[{"href":"https:\/\/boselli.com.br\/site\/wp-json\/wp\/v2\/media?parent=2482"}],"wp:term":[{"taxonomy":"category","embeddable":true,"href":"https:\/\/boselli.com.br\/site\/wp-json\/wp\/v2\/categories?post=2482"},{"taxonomy":"post_tag","embeddable":true,"href":"https:\/\/boselli.com.br\/site\/wp-json\/wp\/v2\/tags?post=2482"}],"curies":[{"name":"wp","href":"https:\/\/api.w.org\/{rel}","templated":true}]}}