{"id":3191,"date":"2012-03-13T12:13:09","date_gmt":"2012-03-13T12:13:09","guid":{"rendered":"https:\/\/boselli.com.br\/?p=3191"},"modified":"2025-01-22T10:49:54","modified_gmt":"2025-01-22T13:49:54","slug":"13032012-ministerio-publico-pede-que-cartel-do-gas-indenize-o-sus","status":"publish","type":"post","link":"https:\/\/boselli.com.br\/site\/13032012-ministerio-publico-pede-que-cartel-do-gas-indenize-o-sus\/","title":{"rendered":"13\/03\/2012 &#8211; Minist\u00e9rio P\u00fablico pede que cartel do g\u00e1s indenize o SUS"},"content":{"rendered":"<p style=\"text-align: right;\">Valor Econ\u00f4mico<br \/>\nJuliano Basile<\/p>\n<p style=\"text-align: justify;\">O Minist\u00e9rio P\u00fablico Federal entrou com a\u00e7\u00e3o pedindo que as companhias que foram condenadas pelo Conselho Administrativo de Defesa Econ\u00f4mica (Cade) por forma\u00e7\u00e3o de cartel no setor de gases industriais tenham que pagar indeniza\u00e7\u00e3o ao Sistema \u00danico de Sa\u00fade (SUS).<\/p>\n<p style=\"text-align: justify;\">&#8220;A multa imposta pelo Cade n\u00e3o impede o ressarcimento ao er\u00e1rio&#8221;, justificou o autor da a\u00e7\u00e3o, o procurador da Rep\u00fablica Aureo Marcus Makiyama Lopes. Segundo ele, &#8220;o dano ocorrido n\u00e3o foi apenas o do pagamento de pre\u00e7o acima do valor normal de mercado&#8221; por quem adquiriu gases. &#8220;Houve dano aos cidad\u00e3os consumidores dos produtos e servi\u00e7os, industriais e de sa\u00fade, das institui\u00e7\u00f5es que pagaram o sobrepre\u00e7o, a restri\u00e7\u00e3o ao desenvolvimento natural do mercado e a diminui\u00e7\u00e3o geral do bem-estar social&#8221;, afirmou Lopes, que entrou com a a\u00e7\u00e3o na 3\u00aa Vara Federal de Campinas, no interior de S\u00e3o Paulo.<\/p>\n<p style=\"text-align: justify;\">Essa foi a terceira a\u00e7\u00e3o pedindo indeniza\u00e7\u00e3o contra o mesmo cartel. Em 2010, a Associa\u00e7\u00e3o de Hospitais de Minas Gerais obteve decis\u00e3o da 28\u00aa Vara C\u00edvel de Belo Horizonte, que mandou as empresas envolvidas no cartel pagarem pelo preju\u00edzo. Ao todo, 260 hospitais foram beneficiados pela decis\u00e3o, mas o valor das indeniza\u00e7\u00f5es ainda ser\u00e1 calculado em per\u00edcia.<\/p>\n<p style=\"text-align: justify;\">No come\u00e7o do ano passado, a Sabesp entrou com outra a\u00e7\u00e3o, pois a estatal paulista compra g\u00e1s carb\u00f4nico para realizar o tratamento de \u00e1gua.<\/p>\n<p style=\"text-align: justify;\">O cartel dos gases foi condenado pelo Cade, em setembro de 2010, com multas \u00e0s empresas envolvidas em valores que ultrapassaram R$ 2,3 bilh\u00f5es. Na \u00e9poca, o \u00f3rg\u00e3o antitruste concluiu que foi organizado um cartel para fraudar licita\u00e7\u00f5es p\u00fablicas e dividir clientes no setor de gases industriais. Segundo a Secretaria de Direito Econ\u00f4mico (SDE) do Minist\u00e9rio da Justi\u00e7a, o cartel teria prejudicado v\u00e1rios setores da economia que compram gases industriais, como sa\u00fade, alimentos, bebidas e metalurgia.<\/p>\n<p style=\"text-align: justify;\">A White Martins, que foi apontada pelo \u00f3rg\u00e3o antitruste como a l\u00edder do cartel, foi condenada a pagar R$ 1,7 bilh\u00e3o.<\/p>\n<p style=\"text-align: justify;\">A Air Liquide recebeu multa R$ 197 milh\u00f5es e a Linde Gases, R$ 188 milh\u00f5es. A Air Products recebeu multa de R$ 179 milh\u00f5es. A Ind\u00fastria Brasileira de Gases (IBG) foi considerada pelo Cade como uma empresa que ingressou posteriormente no cartel e que denunciou a pr\u00e1tica \u00e0s autoridades e, por isso, teve multa em valores reduzidos: R$ 6,7 milh\u00f5es. Al\u00e9m das empresas, executivos tamb\u00e9m foram punidos em multas que variam entre R$ 67 mil e R$ 3,5 milh\u00f5es.<\/p>\n<p style=\"text-align: justify;\">Todas as empresas que sofreram multas recorreram \u00e0 Justi\u00e7a contra a decis\u00e3o do Cade. Elas negaram a pr\u00e1tica do cartel e entraram com recurso para n\u00e3o ter que pagar os valores. O mesmo aconteceu com as primeiras a\u00e7\u00f5es pedindo indeniza\u00e7\u00e3o.<\/p>\n<p style=\"text-align: justify;\">As empresas voltaram a negar a pr\u00e1tica de cartel, disseram que n\u00e3o combinaram pre\u00e7os e que defendem a livre competi\u00e7\u00e3o no mercado brasileiro.<\/p>\n<p style=\"text-align: justify;\">Os R$ 2,3 bilh\u00f5es em multas ser\u00e3o pagos ao governo, que reverte a verba ao Conselho do Fundo de Direitos Difusos, do Minist\u00e9rio da Justi\u00e7a.<\/p>\n<p style=\"text-align: justify;\">&nbsp;<\/p>\n","protected":false},"excerpt":{"rendered":"<p>Valor Econ\u00f4mico Juliano Basile O Minist\u00e9rio P\u00fablico Federal entrou com a\u00e7\u00e3o pedindo que as companhias que foram condenadas pelo Conselho Administrativo de Defesa Econ\u00f4mica (Cade) por forma\u00e7\u00e3o de cartel no setor de gases industriais tenham que pagar indeniza\u00e7\u00e3o ao Sistema \u00danico de Sa\u00fade (SUS). &#8220;A multa imposta pelo Cade n\u00e3o impede o ressarcimento ao er\u00e1rio&#8221;, [&hellip;]<\/p>\n","protected":false},"author":5,"featured_media":32871,"comment_status":"closed","ping_status":"open","sticky":false,"template":"","format":"standard","meta":{"footnotes":""},"categories":[3],"tags":[],"class_list":["post-3191","post","type-post","status-publish","format-standard","has-post-thumbnail","hentry","category-geral"],"yoast_head":"<!-- This site is optimized with the Yoast SEO plugin v25.5 - https:\/\/yoast.com\/wordpress\/plugins\/seo\/ -->\n<title>13\/03\/2012 - Minist\u00e9rio P\u00fablico pede que cartel do g\u00e1s indenize o SUS - Boselli Licita\u00e7\u00f5es<\/title>\n<meta name=\"robots\" content=\"index, follow, max-snippet:-1, max-image-preview:large, max-video-preview:-1\" \/>\n<link rel=\"canonical\" href=\"https:\/\/boselli.com.br\/13032012-ministerio-publico-pede-que-cartel-do-gas-indenize-o-sus\/\" \/>\n<meta property=\"og:locale\" content=\"pt_BR\" \/>\n<meta property=\"og:type\" content=\"article\" \/>\n<meta property=\"og:title\" content=\"13\/03\/2012 - Minist\u00e9rio P\u00fablico pede que cartel do g\u00e1s indenize o SUS - Boselli Licita\u00e7\u00f5es\" \/>\n<meta property=\"og:description\" content=\"Valor Econ\u00f4mico Juliano Basile O Minist\u00e9rio P\u00fablico Federal entrou com a\u00e7\u00e3o pedindo que as companhias que foram condenadas pelo Conselho Administrativo de Defesa Econ\u00f4mica (Cade) por forma\u00e7\u00e3o de cartel no setor de gases industriais tenham que pagar indeniza\u00e7\u00e3o ao Sistema \u00danico de Sa\u00fade (SUS). &#8220;A multa imposta pelo Cade n\u00e3o impede o ressarcimento ao er\u00e1rio&#8221;, [&hellip;]\" \/>\n<meta property=\"og:url\" content=\"https:\/\/boselli.com.br\/13032012-ministerio-publico-pede-que-cartel-do-gas-indenize-o-sus\/\" \/>\n<meta property=\"og:site_name\" content=\"Boselli Licita\u00e7\u00f5es\" \/>\n<meta property=\"article:published_time\" content=\"2012-03-13T12:13:09+00:00\" \/>\n<meta property=\"article:modified_time\" content=\"2025-01-22T13:49:54+00:00\" \/>\n<meta property=\"og:image\" content=\"https:\/\/boselli.com.br\/site\/wp-content\/uploads\/2025\/01\/boselli-consultoria-licitacao-destacada-geral.jpg\" \/>\n\t<meta property=\"og:image:width\" content=\"1350\" \/>\n\t<meta property=\"og:image:height\" content=\"900\" \/>\n\t<meta property=\"og:image:type\" content=\"image\/jpeg\" \/>\n<meta name=\"author\" content=\"Paulo Boselli\" \/>\n<meta name=\"twitter:card\" content=\"summary_large_image\" \/>\n<meta name=\"twitter:label1\" content=\"Escrito por\" \/>\n\t<meta name=\"twitter:data1\" content=\"Paulo Boselli\" \/>\n\t<meta name=\"twitter:label2\" content=\"Est. tempo de leitura\" \/>\n\t<meta name=\"twitter:data2\" content=\"3 minutos\" \/>\n<script type=\"application\/ld+json\" class=\"yoast-schema-graph\">{\"@context\":\"https:\/\/schema.org\",\"@graph\":[{\"@type\":\"Article\",\"@id\":\"https:\/\/boselli.com.br\/13032012-ministerio-publico-pede-que-cartel-do-gas-indenize-o-sus\/#article\",\"isPartOf\":{\"@id\":\"https:\/\/boselli.com.br\/13032012-ministerio-publico-pede-que-cartel-do-gas-indenize-o-sus\/\"},\"author\":{\"name\":\"Paulo Boselli\",\"@id\":\"https:\/\/boselli.com.br\/#\/schema\/person\/4dcd2c90156c9b28e990848ee2112775\"},\"headline\":\"13\/03\/2012 &#8211; Minist\u00e9rio P\u00fablico pede que cartel do g\u00e1s indenize o SUS\",\"datePublished\":\"2012-03-13T12:13:09+00:00\",\"dateModified\":\"2025-01-22T13:49:54+00:00\",\"mainEntityOfPage\":{\"@id\":\"https:\/\/boselli.com.br\/13032012-ministerio-publico-pede-que-cartel-do-gas-indenize-o-sus\/\"},\"wordCount\":558,\"publisher\":{\"@id\":\"https:\/\/boselli.com.br\/#organization\"},\"image\":{\"@id\":\"https:\/\/boselli.com.br\/13032012-ministerio-publico-pede-que-cartel-do-gas-indenize-o-sus\/#primaryimage\"},\"thumbnailUrl\":\"https:\/\/boselli.com.br\/site\/wp-content\/uploads\/2025\/01\/boselli-consultoria-licitacao-destacada-geral.jpg\",\"articleSection\":[\"Geral\"],\"inLanguage\":\"pt-BR\"},{\"@type\":\"WebPage\",\"@id\":\"https:\/\/boselli.com.br\/13032012-ministerio-publico-pede-que-cartel-do-gas-indenize-o-sus\/\",\"url\":\"https:\/\/boselli.com.br\/13032012-ministerio-publico-pede-que-cartel-do-gas-indenize-o-sus\/\",\"name\":\"13\/03\/2012 - Minist\u00e9rio P\u00fablico pede que cartel do g\u00e1s indenize o SUS - Boselli Licita\u00e7\u00f5es\",\"isPartOf\":{\"@id\":\"https:\/\/boselli.com.br\/#website\"},\"primaryImageOfPage\":{\"@id\":\"https:\/\/boselli.com.br\/13032012-ministerio-publico-pede-que-cartel-do-gas-indenize-o-sus\/#primaryimage\"},\"image\":{\"@id\":\"https:\/\/boselli.com.br\/13032012-ministerio-publico-pede-que-cartel-do-gas-indenize-o-sus\/#primaryimage\"},\"thumbnailUrl\":\"https:\/\/boselli.com.br\/site\/wp-content\/uploads\/2025\/01\/boselli-consultoria-licitacao-destacada-geral.jpg\",\"datePublished\":\"2012-03-13T12:13:09+00:00\",\"dateModified\":\"2025-01-22T13:49:54+00:00\",\"breadcrumb\":{\"@id\":\"https:\/\/boselli.com.br\/13032012-ministerio-publico-pede-que-cartel-do-gas-indenize-o-sus\/#breadcrumb\"},\"inLanguage\":\"pt-BR\",\"potentialAction\":[{\"@type\":\"ReadAction\",\"target\":[\"https:\/\/boselli.com.br\/13032012-ministerio-publico-pede-que-cartel-do-gas-indenize-o-sus\/\"]}]},{\"@type\":\"ImageObject\",\"inLanguage\":\"pt-BR\",\"@id\":\"https:\/\/boselli.com.br\/13032012-ministerio-publico-pede-que-cartel-do-gas-indenize-o-sus\/#primaryimage\",\"url\":\"https:\/\/boselli.com.br\/site\/wp-content\/uploads\/2025\/01\/boselli-consultoria-licitacao-destacada-geral.jpg\",\"contentUrl\":\"https:\/\/boselli.com.br\/site\/wp-content\/uploads\/2025\/01\/boselli-consultoria-licitacao-destacada-geral.jpg\",\"width\":1350,\"height\":900},{\"@type\":\"BreadcrumbList\",\"@id\":\"https:\/\/boselli.com.br\/13032012-ministerio-publico-pede-que-cartel-do-gas-indenize-o-sus\/#breadcrumb\",\"itemListElement\":[{\"@type\":\"ListItem\",\"position\":1,\"name\":\"In\u00edcio\",\"item\":\"https:\/\/boselli.com.br\/\"},{\"@type\":\"ListItem\",\"position\":2,\"name\":\"13\/03\/2012 &#8211; Minist\u00e9rio P\u00fablico pede que cartel do g\u00e1s indenize o SUS\"}]},{\"@type\":\"WebSite\",\"@id\":\"https:\/\/boselli.com.br\/#website\",\"url\":\"https:\/\/boselli.com.br\/\",\"name\":\"Boselli Licita\u00e7\u00f5es\",\"description\":\"\",\"publisher\":{\"@id\":\"https:\/\/boselli.com.br\/#organization\"},\"potentialAction\":[{\"@type\":\"SearchAction\",\"target\":{\"@type\":\"EntryPoint\",\"urlTemplate\":\"https:\/\/boselli.com.br\/?s={search_term_string}\"},\"query-input\":{\"@type\":\"PropertyValueSpecification\",\"valueRequired\":true,\"valueName\":\"search_term_string\"}}],\"inLanguage\":\"pt-BR\"},{\"@type\":\"Organization\",\"@id\":\"https:\/\/boselli.com.br\/#organization\",\"name\":\"Boselli Consultoria\",\"url\":\"https:\/\/boselli.com.br\/\",\"logo\":{\"@type\":\"ImageObject\",\"inLanguage\":\"pt-BR\",\"@id\":\"https:\/\/boselli.com.br\/#\/schema\/logo\/image\/\",\"url\":\"https:\/\/boselli.com.br\/site\/wp-content\/uploads\/2025\/01\/cropped-boselli-licitacoes-so-marca-100.png\",\"contentUrl\":\"https:\/\/boselli.com.br\/site\/wp-content\/uploads\/2025\/01\/cropped-boselli-licitacoes-so-marca-100.png\",\"width\":295,\"height\":100,\"caption\":\"Boselli Consultoria\"},\"image\":{\"@id\":\"https:\/\/boselli.com.br\/#\/schema\/logo\/image\/\"}},{\"@type\":\"Person\",\"@id\":\"https:\/\/boselli.com.br\/#\/schema\/person\/4dcd2c90156c9b28e990848ee2112775\",\"name\":\"Paulo Boselli\",\"image\":{\"@type\":\"ImageObject\",\"inLanguage\":\"pt-BR\",\"@id\":\"https:\/\/boselli.com.br\/#\/schema\/person\/image\/\",\"url\":\"https:\/\/boselli.com.br\/site\/wp-content\/uploads\/2025\/01\/paulo-boselli-advogado-licitacao.png-150x150.jpg\",\"contentUrl\":\"https:\/\/boselli.com.br\/site\/wp-content\/uploads\/2025\/01\/paulo-boselli-advogado-licitacao.png-150x150.jpg\",\"caption\":\"Paulo Boselli\"},\"url\":\"https:\/\/boselli.com.br\/site\/author\/boselli\/\"}]}<\/script>\n<!-- \/ Yoast SEO plugin. -->","yoast_head_json":{"title":"13\/03\/2012 - Minist\u00e9rio P\u00fablico pede que cartel do g\u00e1s indenize o SUS - Boselli Licita\u00e7\u00f5es","robots":{"index":"index","follow":"follow","max-snippet":"max-snippet:-1","max-image-preview":"max-image-preview:large","max-video-preview":"max-video-preview:-1"},"canonical":"https:\/\/boselli.com.br\/13032012-ministerio-publico-pede-que-cartel-do-gas-indenize-o-sus\/","og_locale":"pt_BR","og_type":"article","og_title":"13\/03\/2012 - Minist\u00e9rio P\u00fablico pede que cartel do g\u00e1s indenize o SUS - Boselli Licita\u00e7\u00f5es","og_description":"Valor Econ\u00f4mico Juliano Basile O Minist\u00e9rio P\u00fablico Federal entrou com a\u00e7\u00e3o pedindo que as companhias que foram condenadas pelo Conselho Administrativo de Defesa Econ\u00f4mica (Cade) por forma\u00e7\u00e3o de cartel no setor de gases industriais tenham que pagar indeniza\u00e7\u00e3o ao Sistema \u00danico de Sa\u00fade (SUS). &#8220;A multa imposta pelo Cade n\u00e3o impede o ressarcimento ao er\u00e1rio&#8221;, [&hellip;]","og_url":"https:\/\/boselli.com.br\/13032012-ministerio-publico-pede-que-cartel-do-gas-indenize-o-sus\/","og_site_name":"Boselli Licita\u00e7\u00f5es","article_published_time":"2012-03-13T12:13:09+00:00","article_modified_time":"2025-01-22T13:49:54+00:00","og_image":[{"width":1350,"height":900,"url":"https:\/\/boselli.com.br\/site\/wp-content\/uploads\/2025\/01\/boselli-consultoria-licitacao-destacada-geral.jpg","type":"image\/jpeg"}],"author":"Paulo Boselli","twitter_card":"summary_large_image","twitter_misc":{"Escrito por":"Paulo Boselli","Est. tempo de leitura":"3 minutos"},"schema":{"@context":"https:\/\/schema.org","@graph":[{"@type":"Article","@id":"https:\/\/boselli.com.br\/13032012-ministerio-publico-pede-que-cartel-do-gas-indenize-o-sus\/#article","isPartOf":{"@id":"https:\/\/boselli.com.br\/13032012-ministerio-publico-pede-que-cartel-do-gas-indenize-o-sus\/"},"author":{"name":"Paulo Boselli","@id":"https:\/\/boselli.com.br\/#\/schema\/person\/4dcd2c90156c9b28e990848ee2112775"},"headline":"13\/03\/2012 &#8211; Minist\u00e9rio P\u00fablico pede que cartel do g\u00e1s indenize o SUS","datePublished":"2012-03-13T12:13:09+00:00","dateModified":"2025-01-22T13:49:54+00:00","mainEntityOfPage":{"@id":"https:\/\/boselli.com.br\/13032012-ministerio-publico-pede-que-cartel-do-gas-indenize-o-sus\/"},"wordCount":558,"publisher":{"@id":"https:\/\/boselli.com.br\/#organization"},"image":{"@id":"https:\/\/boselli.com.br\/13032012-ministerio-publico-pede-que-cartel-do-gas-indenize-o-sus\/#primaryimage"},"thumbnailUrl":"https:\/\/boselli.com.br\/site\/wp-content\/uploads\/2025\/01\/boselli-consultoria-licitacao-destacada-geral.jpg","articleSection":["Geral"],"inLanguage":"pt-BR"},{"@type":"WebPage","@id":"https:\/\/boselli.com.br\/13032012-ministerio-publico-pede-que-cartel-do-gas-indenize-o-sus\/","url":"https:\/\/boselli.com.br\/13032012-ministerio-publico-pede-que-cartel-do-gas-indenize-o-sus\/","name":"13\/03\/2012 - Minist\u00e9rio P\u00fablico pede que cartel do g\u00e1s indenize o SUS - Boselli Licita\u00e7\u00f5es","isPartOf":{"@id":"https:\/\/boselli.com.br\/#website"},"primaryImageOfPage":{"@id":"https:\/\/boselli.com.br\/13032012-ministerio-publico-pede-que-cartel-do-gas-indenize-o-sus\/#primaryimage"},"image":{"@id":"https:\/\/boselli.com.br\/13032012-ministerio-publico-pede-que-cartel-do-gas-indenize-o-sus\/#primaryimage"},"thumbnailUrl":"https:\/\/boselli.com.br\/site\/wp-content\/uploads\/2025\/01\/boselli-consultoria-licitacao-destacada-geral.jpg","datePublished":"2012-03-13T12:13:09+00:00","dateModified":"2025-01-22T13:49:54+00:00","breadcrumb":{"@id":"https:\/\/boselli.com.br\/13032012-ministerio-publico-pede-que-cartel-do-gas-indenize-o-sus\/#breadcrumb"},"inLanguage":"pt-BR","potentialAction":[{"@type":"ReadAction","target":["https:\/\/boselli.com.br\/13032012-ministerio-publico-pede-que-cartel-do-gas-indenize-o-sus\/"]}]},{"@type":"ImageObject","inLanguage":"pt-BR","@id":"https:\/\/boselli.com.br\/13032012-ministerio-publico-pede-que-cartel-do-gas-indenize-o-sus\/#primaryimage","url":"https:\/\/boselli.com.br\/site\/wp-content\/uploads\/2025\/01\/boselli-consultoria-licitacao-destacada-geral.jpg","contentUrl":"https:\/\/boselli.com.br\/site\/wp-content\/uploads\/2025\/01\/boselli-consultoria-licitacao-destacada-geral.jpg","width":1350,"height":900},{"@type":"BreadcrumbList","@id":"https:\/\/boselli.com.br\/13032012-ministerio-publico-pede-que-cartel-do-gas-indenize-o-sus\/#breadcrumb","itemListElement":[{"@type":"ListItem","position":1,"name":"In\u00edcio","item":"https:\/\/boselli.com.br\/"},{"@type":"ListItem","position":2,"name":"13\/03\/2012 &#8211; Minist\u00e9rio P\u00fablico pede que cartel do g\u00e1s indenize o SUS"}]},{"@type":"WebSite","@id":"https:\/\/boselli.com.br\/#website","url":"https:\/\/boselli.com.br\/","name":"Boselli Licita\u00e7\u00f5es","description":"","publisher":{"@id":"https:\/\/boselli.com.br\/#organization"},"potentialAction":[{"@type":"SearchAction","target":{"@type":"EntryPoint","urlTemplate":"https:\/\/boselli.com.br\/?s={search_term_string}"},"query-input":{"@type":"PropertyValueSpecification","valueRequired":true,"valueName":"search_term_string"}}],"inLanguage":"pt-BR"},{"@type":"Organization","@id":"https:\/\/boselli.com.br\/#organization","name":"Boselli Consultoria","url":"https:\/\/boselli.com.br\/","logo":{"@type":"ImageObject","inLanguage":"pt-BR","@id":"https:\/\/boselli.com.br\/#\/schema\/logo\/image\/","url":"https:\/\/boselli.com.br\/site\/wp-content\/uploads\/2025\/01\/cropped-boselli-licitacoes-so-marca-100.png","contentUrl":"https:\/\/boselli.com.br\/site\/wp-content\/uploads\/2025\/01\/cropped-boselli-licitacoes-so-marca-100.png","width":295,"height":100,"caption":"Boselli Consultoria"},"image":{"@id":"https:\/\/boselli.com.br\/#\/schema\/logo\/image\/"}},{"@type":"Person","@id":"https:\/\/boselli.com.br\/#\/schema\/person\/4dcd2c90156c9b28e990848ee2112775","name":"Paulo Boselli","image":{"@type":"ImageObject","inLanguage":"pt-BR","@id":"https:\/\/boselli.com.br\/#\/schema\/person\/image\/","url":"https:\/\/boselli.com.br\/site\/wp-content\/uploads\/2025\/01\/paulo-boselli-advogado-licitacao.png-150x150.jpg","contentUrl":"https:\/\/boselli.com.br\/site\/wp-content\/uploads\/2025\/01\/paulo-boselli-advogado-licitacao.png-150x150.jpg","caption":"Paulo Boselli"},"url":"https:\/\/boselli.com.br\/site\/author\/boselli\/"}]}},"_links":{"self":[{"href":"https:\/\/boselli.com.br\/site\/wp-json\/wp\/v2\/posts\/3191","targetHints":{"allow":["GET"]}}],"collection":[{"href":"https:\/\/boselli.com.br\/site\/wp-json\/wp\/v2\/posts"}],"about":[{"href":"https:\/\/boselli.com.br\/site\/wp-json\/wp\/v2\/types\/post"}],"author":[{"embeddable":true,"href":"https:\/\/boselli.com.br\/site\/wp-json\/wp\/v2\/users\/5"}],"replies":[{"embeddable":true,"href":"https:\/\/boselli.com.br\/site\/wp-json\/wp\/v2\/comments?post=3191"}],"version-history":[{"count":1,"href":"https:\/\/boselli.com.br\/site\/wp-json\/wp\/v2\/posts\/3191\/revisions"}],"predecessor-version":[{"id":30470,"href":"https:\/\/boselli.com.br\/site\/wp-json\/wp\/v2\/posts\/3191\/revisions\/30470"}],"wp:featuredmedia":[{"embeddable":true,"href":"https:\/\/boselli.com.br\/site\/wp-json\/wp\/v2\/media\/32871"}],"wp:attachment":[{"href":"https:\/\/boselli.com.br\/site\/wp-json\/wp\/v2\/media?parent=3191"}],"wp:term":[{"taxonomy":"category","embeddable":true,"href":"https:\/\/boselli.com.br\/site\/wp-json\/wp\/v2\/categories?post=3191"},{"taxonomy":"post_tag","embeddable":true,"href":"https:\/\/boselli.com.br\/site\/wp-json\/wp\/v2\/tags?post=3191"}],"curies":[{"name":"wp","href":"https:\/\/api.w.org\/{rel}","templated":true}]}}