{"id":4211,"date":"2012-12-14T11:23:07","date_gmt":"2012-12-14T11:23:07","guid":{"rendered":"https:\/\/boselli.com.br\/?p=4211"},"modified":"2025-01-22T10:49:33","modified_gmt":"2025-01-22T13:49:33","slug":"14122012-pacote-dos-portos-ja-atrai-investimentos-de-r-21-bi","status":"publish","type":"post","link":"https:\/\/boselli.com.br\/site\/14122012-pacote-dos-portos-ja-atrai-investimentos-de-r-21-bi\/","title":{"rendered":"14\/12\/2012 &#8211; Pacote dos portos j\u00e1 atrai investimentos de R$ 21 bi"},"content":{"rendered":"<p style=\"text-align: right;\"><span style=\"color: #000000;\">Valor Econ\u00f4mico<br \/>\n<\/span><span style=\"color: #000000;\">Daniel Rittner<\/span><\/p>\n<p><span style=\"color: #000000;\" data-mce-mark=\"1\">Uni\u00e3o pode deixar operador de porto sem indeniza\u00e7\u00e3o<\/span><\/p>\n<p style=\"text-align: justify;\"><span style=\"color: #000000;\">Com o fim das restri\u00e7\u00f5es \u00e0 constru\u00e7\u00e3o de portos privados anunciado na semana passada, grandes grupos j\u00e1 levaram ao governo 23 projetos novos. Somados, esses terminais exigir\u00e3o investimentos de R$ 21,1 bilh\u00f5es at\u00e9 o bi\u00eanio 2016\/17, segundo estimativas do Pal\u00e1cio do Planalto.<\/span><\/p>\n<p style=\"text-align: justify;\"><span style=\"color: #000000;\">A principal novidade das medidas foi a libera\u00e7\u00e3o dos terminais privados para movimentar qualquer quantidade de carga de terceiros. Com isso, j\u00e1 sa\u00edram do papel projetos de grande porte. A Gerdau prepara investimento de R$ 2 bilh\u00f5es nas imedia\u00e7\u00f5es de Itagua\u00ed (RJ). Uma cifra semelhante ser\u00e1 investida pela Bahia Minera\u00e7\u00e3o, em Ilh\u00e9us (BA). Em Porto Velho (RO), a Hermasa tem projeto de R$ 120 milh\u00f5es para movimentar gran\u00e9is s\u00f3lidos. Duas instala\u00e7\u00f5es para gr\u00e3os, que somam pouco menos de R$ 150 milh\u00f5es, poder\u00e3o ser constru\u00eddas em Santar\u00e9m (PA), por Bunge e Cargill.<\/span><\/p>\n<p style=\"text-align: justify;\"><span style=\"color: #000000;\">\u00a0<\/span><\/p>\n<p style=\"text-align: justify;\"><span style=\"color: #000000;\">Le\u00f4nidas Cristino, da SEP: Antaq far\u00e1 an\u00e1lise &#8220;caso a caso&#8221; da deprecia\u00e7\u00e3o de investimentos feitos pelos terminais<\/span><\/p>\n<p style=\"text-align: justify;\"><span style=\"color: #000000;\">Diante do protesto de operadores portu\u00e1rios contra a decis\u00e3o da presidente Dilma Rousseff de relicitar 53 terminais p\u00fablicos, arrendados \u00e0 iniciativa privada antes de 1993, o ministro-chefe da Secretaria de Portos (SEP), Le\u00f4nidas Cristino, j\u00e1 avisa: o governo, al\u00e9m de rejeitar a renova\u00e7\u00e3o desses contratos, provavelmente n\u00e3o pagar\u00e1 indeniza\u00e7\u00f5es \u00e0s empresas. &#8220;\u00c9 prov\u00e1vel que n\u00e3o haja ressarcimento.&#8221;<\/span><\/p>\n<p style=\"text-align: justify;\"><span style=\"color: #000000;\">Cristino disse, em entrevista ao Valor, que a Ag\u00eancia Nacional de Transportes Aquavi\u00e1rios (Antaq) far\u00e1 uma an\u00e1lise &#8220;caso a caso&#8221; sobre a deprecia\u00e7\u00e3o de investimentos feitos pelos terminais. &#8220;Mas, se contrato j\u00e1 venceu e a Antaq n\u00e3o havia autorizado nenhum investimento, entendo que n\u00e3o cabe indeniza\u00e7\u00e3o&#8221;, antecipou.<\/span><\/p>\n<p style=\"text-align: justify;\"><span style=\"color: #000000;\">De acordo com o ministro, a ag\u00eancia reguladora foi encarregada de fazer os estudos de viabilidade t\u00e9cnica e econ\u00f4mica para as novas licita\u00e7\u00f5es, a partir de janeiro. A inten\u00e7\u00e3o do governo \u00e9 fazer os leil\u00f5es em at\u00e9 180 dias.<\/span><\/p>\n<p style=\"text-align: justify;\"><span style=\"color: #000000;\">Para ele, os contratos anteriores \u00e0 Lei dos Portos &#8211; de 1993 &#8211; eram &#8220;prec\u00e1rios&#8221; e n\u00e3o davam a possibilidade jur\u00eddica de prorroga\u00e7\u00e3o. &#8220;Estamos dando garantias legais, a quem ganhar os novos arrendamentos, para que fa\u00e7am investimentos. Vamos eliminar as d\u00favidas jur\u00eddicas, com contratos de 25 anos, sem prejudicar ningu\u00e9m&#8221;, afirmou Cristino.<\/span><\/p>\n<p style=\"text-align: justify;\"><span style=\"color: #000000;\">Ap\u00f3s passar um pente-fino nos contratos anteriores a 1993, o governo chegou a uma lista de 53 arrendamentos &#8211; dois a menos do que o anunciado na semana passada. Desses, 42 j\u00e1 est\u00e3o vencidos e outros 11 expiram at\u00e9 2015. Os portos de Recife e de Vit\u00f3ria t\u00eam o maior n\u00famero de terminais com contratos vencidos &#8211; s\u00e3o seis em cada um. Santos tem apenas um arrendamento vencido, mas outros cinco expiram at\u00e9 2015.<\/span><\/p>\n<p style=\"text-align: justify;\"><span style=\"color: #000000;\">No Nordeste, a maioria dos terminais \u00e9 operada por subsidi\u00e1rias da Petrobras ou por distribuidoras privadas de combust\u00edveis, que usam as instala\u00e7\u00f5es para armazenar gasolina e diesel na regi\u00e3o. As empresas temem que haja desorganiza\u00e7\u00e3o do mercado com as relicita\u00e7\u00f5es.<\/span><\/p>\n<p style=\"text-align: justify;\"><span style=\"color: #000000;\">O prazo para a apresenta\u00e7\u00e3o de emendas parlamentares \u00e0 Medida Provis\u00f3ria 595, que mudou o marco regulat\u00f3rio dos portos e foi assinada pela presidente Dilma Rousseff na semana passada, terminou ontem \u00e0 noite. No Congresso, a expectativa era que houvesse mais de cem emendas.<\/span><\/p>\n<p style=\"text-align: justify;\"><span style=\"color: #000000;\">O setor tem conversado com senadores, como Armando Monteiro (PTB-PE) e L\u00eddice da Mata (PSB-BA), e deputados, como Milton Monti (PR-SP), M\u00e1rcio Fran\u00e7a (PSB-SP) e Geraldo Sim\u00f5es (PT-BA), para articular mudan\u00e7as na MP que foi enviada pelo governo. A tend\u00eancia \u00e9 haver uma reedi\u00e7\u00e3o, embora os valores envolvidos sejam menores, do embate entre governo e concession\u00e1rias de energia el\u00e9trica em torno dos valores de indeniza\u00e7\u00f5es.<\/span><\/p>\n<p style=\"text-align: justify;\"><span style=\"color: #000000;\">Um operador portu\u00e1rio ouvido pelo Valor demonstrou indigna\u00e7\u00e3o ao tomar conhecimento das declara\u00e7\u00f5es de Cristino. Segundo ele, que pediu para n\u00e3o ser identificado, sua empresa acabou de investir de R$ 3 milh\u00f5es a R$ 4 milh\u00f5es em novos sistemas de inform\u00e1tica e na compra de scanners para a inspe\u00e7\u00e3o de cargas em um terminal portu\u00e1rio do Nordeste. Isso foi necess\u00e1rio para atender a uma exig\u00eancia da Receita Federal, a partir de janeiro de 2013, e o empres\u00e1rio se diz preocupado com o pagamento de indeniza\u00e7\u00f5es pelo governo.<\/span><\/p>\n<p style=\"text-align: justify;\"><span style=\"color: #000000;\">O operador d\u00e1 outros exemplos de equipamentos adquiridos recentemente: um guindaste do tipo &#8220;mobile&#8221; custa at\u00e9 \u20ac 3 milh\u00f5es e um lote de empilhadeiras do modelo &#8220;reach stacker&#8221;, para a movimenta\u00e7\u00e3o de cont\u00eaineres, tem custo m\u00e9dio de R$ 1,5 milh\u00e3o cada. Ambos os equipamentos t\u00eam vida \u00fatil de aproximadamente cinco anos, segundo ele.<\/span><\/p>\n<p style=\"text-align: justify;\"><span style=\"color: #000000;\">A Cargill, por exemplo, j\u00e1 tem um processo judicial na 22\u00aa Vara Federal de Bras\u00edlia, em que cobra ressarcimento da Codesp &#8211; estatal que administra o porto de Santos &#8211; por benfeitorias feitas em um terminal de gr\u00e3os arrendado pela primeira vez em 1985 e relicitado em 2009. Uma per\u00edcia judicial avaliou os ativos n\u00e3o amortizados em R$ 68,6 milh\u00f5es \u00e0 multinacional americana. O valor \u00e9 questionado pela Codesp.<\/span><\/p>\n<p style=\"text-align: justify;\"><span style=\"color: #000000;\">A decis\u00e3o do governo de relicitar os terminais arrendados antes de 1993 provocou uma controv\u00e9rsia. Os operadores pleiteavam o direito de renovar seus contratos, adequando-os \u00e0 Lei dos Portos. Eles chegaram a propor, em reuni\u00f5es na Casa Civil, um novo prazo de dez anos em troca de compromissos de investimentos de R$ 10,3 bilh\u00f5es.<\/span><\/p>\n<p style=\"text-align: justify;\"><span style=\"color: #000000;\">O presidente da Associa\u00e7\u00e3o Brasileira de Terminais Portu\u00e1rios (ABTP), Wilen Manteli, disse que ainda tem esperan\u00e7a de alterar o conte\u00fado da medida provis\u00f3ria. &#8220;O Congresso tem que respeitar a Lei dos Portos que ele mesmo aprovou, ap\u00f3s dois anos de discuss\u00f5es, em 1993&#8221;, defendeu Manteli. &#8220;Mas, se ele n\u00e3o acolher os nossos argumentos, vamos ao Poder Judici\u00e1rio. Isso \u00e9 ruim para todo mundo, inclusive para o governo, que n\u00e3o ver\u00e1 os investimentos pretendidos.&#8221;<\/span><\/p>\n<p style=\"text-align: justify;\"><span style=\"color: #000000;\">O Valor apurou que as primeiras a\u00e7\u00f5es judiciais contra a MP j\u00e1 est\u00e3o praticamente prontas e dever\u00e3o chegar aos tribunais nas pr\u00f3ximas semanas. Manteli n\u00e3o confirmou a exist\u00eancia dos processos, mas informou que a associa\u00e7\u00e3o apoia as a\u00e7\u00f5es. &#8220;\u00c9 uma decis\u00e3o subjetiva de cada empresa e n\u00e3o posso falar por elas, mas estamos dando o nosso apoio&#8221;, disse.<\/span><\/p>\n","protected":false},"excerpt":{"rendered":"<p>Valor Econ\u00f4mico Daniel Rittner Uni\u00e3o pode deixar operador de porto sem indeniza\u00e7\u00e3o Com o fim das restri\u00e7\u00f5es \u00e0 constru\u00e7\u00e3o de portos privados anunciado na semana passada, grandes grupos j\u00e1 levaram ao governo 23 projetos novos. Somados, esses terminais exigir\u00e3o investimentos de R$ 21,1 bilh\u00f5es at\u00e9 o bi\u00eanio 2016\/17, segundo estimativas do Pal\u00e1cio do Planalto. A [&hellip;]<\/p>\n","protected":false},"author":5,"featured_media":32871,"comment_status":"closed","ping_status":"open","sticky":false,"template":"","format":"standard","meta":{"footnotes":""},"categories":[3],"tags":[],"class_list":["post-4211","post","type-post","status-publish","format-standard","has-post-thumbnail","hentry","category-geral"],"yoast_head":"<!-- This site is optimized with the Yoast SEO plugin v25.5 - https:\/\/yoast.com\/wordpress\/plugins\/seo\/ -->\n<title>14\/12\/2012 - Pacote dos portos j\u00e1 atrai investimentos de R$ 21 bi - Boselli Licita\u00e7\u00f5es<\/title>\n<meta name=\"robots\" content=\"index, follow, max-snippet:-1, max-image-preview:large, max-video-preview:-1\" \/>\n<link rel=\"canonical\" href=\"https:\/\/boselli.com.br\/14122012-pacote-dos-portos-ja-atrai-investimentos-de-r-21-bi\/\" \/>\n<meta property=\"og:locale\" content=\"pt_BR\" \/>\n<meta property=\"og:type\" content=\"article\" \/>\n<meta property=\"og:title\" content=\"14\/12\/2012 - Pacote dos portos j\u00e1 atrai investimentos de R$ 21 bi - Boselli Licita\u00e7\u00f5es\" \/>\n<meta property=\"og:description\" content=\"Valor Econ\u00f4mico Daniel Rittner Uni\u00e3o pode deixar operador de porto sem indeniza\u00e7\u00e3o Com o fim das restri\u00e7\u00f5es \u00e0 constru\u00e7\u00e3o de portos privados anunciado na semana passada, grandes grupos j\u00e1 levaram ao governo 23 projetos novos. Somados, esses terminais exigir\u00e3o investimentos de R$ 21,1 bilh\u00f5es at\u00e9 o bi\u00eanio 2016\/17, segundo estimativas do Pal\u00e1cio do Planalto. A [&hellip;]\" \/>\n<meta property=\"og:url\" content=\"https:\/\/boselli.com.br\/14122012-pacote-dos-portos-ja-atrai-investimentos-de-r-21-bi\/\" \/>\n<meta property=\"og:site_name\" content=\"Boselli Licita\u00e7\u00f5es\" \/>\n<meta property=\"article:published_time\" content=\"2012-12-14T11:23:07+00:00\" \/>\n<meta property=\"article:modified_time\" content=\"2025-01-22T13:49:33+00:00\" \/>\n<meta property=\"og:image\" content=\"https:\/\/boselli.com.br\/site\/wp-content\/uploads\/2025\/01\/boselli-consultoria-licitacao-destacada-geral.jpg\" \/>\n\t<meta property=\"og:image:width\" content=\"1350\" \/>\n\t<meta property=\"og:image:height\" content=\"900\" \/>\n\t<meta property=\"og:image:type\" content=\"image\/jpeg\" \/>\n<meta name=\"author\" content=\"Paulo Boselli\" \/>\n<meta name=\"twitter:card\" content=\"summary_large_image\" \/>\n<meta name=\"twitter:label1\" content=\"Escrito por\" \/>\n\t<meta name=\"twitter:data1\" content=\"Paulo Boselli\" \/>\n\t<meta name=\"twitter:label2\" content=\"Est. tempo de leitura\" \/>\n\t<meta name=\"twitter:data2\" content=\"5 minutos\" \/>\n<script type=\"application\/ld+json\" class=\"yoast-schema-graph\">{\"@context\":\"https:\/\/schema.org\",\"@graph\":[{\"@type\":\"Article\",\"@id\":\"https:\/\/boselli.com.br\/14122012-pacote-dos-portos-ja-atrai-investimentos-de-r-21-bi\/#article\",\"isPartOf\":{\"@id\":\"https:\/\/boselli.com.br\/14122012-pacote-dos-portos-ja-atrai-investimentos-de-r-21-bi\/\"},\"author\":{\"name\":\"Paulo Boselli\",\"@id\":\"https:\/\/boselli.com.br\/#\/schema\/person\/4dcd2c90156c9b28e990848ee2112775\"},\"headline\":\"14\/12\/2012 &#8211; Pacote dos portos j\u00e1 atrai investimentos de R$ 21 bi\",\"datePublished\":\"2012-12-14T11:23:07+00:00\",\"dateModified\":\"2025-01-22T13:49:33+00:00\",\"mainEntityOfPage\":{\"@id\":\"https:\/\/boselli.com.br\/14122012-pacote-dos-portos-ja-atrai-investimentos-de-r-21-bi\/\"},\"wordCount\":1070,\"publisher\":{\"@id\":\"https:\/\/boselli.com.br\/#organization\"},\"image\":{\"@id\":\"https:\/\/boselli.com.br\/14122012-pacote-dos-portos-ja-atrai-investimentos-de-r-21-bi\/#primaryimage\"},\"thumbnailUrl\":\"https:\/\/boselli.com.br\/site\/wp-content\/uploads\/2025\/01\/boselli-consultoria-licitacao-destacada-geral.jpg\",\"articleSection\":[\"Geral\"],\"inLanguage\":\"pt-BR\"},{\"@type\":\"WebPage\",\"@id\":\"https:\/\/boselli.com.br\/14122012-pacote-dos-portos-ja-atrai-investimentos-de-r-21-bi\/\",\"url\":\"https:\/\/boselli.com.br\/14122012-pacote-dos-portos-ja-atrai-investimentos-de-r-21-bi\/\",\"name\":\"14\/12\/2012 - Pacote dos portos j\u00e1 atrai investimentos de R$ 21 bi - Boselli Licita\u00e7\u00f5es\",\"isPartOf\":{\"@id\":\"https:\/\/boselli.com.br\/#website\"},\"primaryImageOfPage\":{\"@id\":\"https:\/\/boselli.com.br\/14122012-pacote-dos-portos-ja-atrai-investimentos-de-r-21-bi\/#primaryimage\"},\"image\":{\"@id\":\"https:\/\/boselli.com.br\/14122012-pacote-dos-portos-ja-atrai-investimentos-de-r-21-bi\/#primaryimage\"},\"thumbnailUrl\":\"https:\/\/boselli.com.br\/site\/wp-content\/uploads\/2025\/01\/boselli-consultoria-licitacao-destacada-geral.jpg\",\"datePublished\":\"2012-12-14T11:23:07+00:00\",\"dateModified\":\"2025-01-22T13:49:33+00:00\",\"breadcrumb\":{\"@id\":\"https:\/\/boselli.com.br\/14122012-pacote-dos-portos-ja-atrai-investimentos-de-r-21-bi\/#breadcrumb\"},\"inLanguage\":\"pt-BR\",\"potentialAction\":[{\"@type\":\"ReadAction\",\"target\":[\"https:\/\/boselli.com.br\/14122012-pacote-dos-portos-ja-atrai-investimentos-de-r-21-bi\/\"]}]},{\"@type\":\"ImageObject\",\"inLanguage\":\"pt-BR\",\"@id\":\"https:\/\/boselli.com.br\/14122012-pacote-dos-portos-ja-atrai-investimentos-de-r-21-bi\/#primaryimage\",\"url\":\"https:\/\/boselli.com.br\/site\/wp-content\/uploads\/2025\/01\/boselli-consultoria-licitacao-destacada-geral.jpg\",\"contentUrl\":\"https:\/\/boselli.com.br\/site\/wp-content\/uploads\/2025\/01\/boselli-consultoria-licitacao-destacada-geral.jpg\",\"width\":1350,\"height\":900},{\"@type\":\"BreadcrumbList\",\"@id\":\"https:\/\/boselli.com.br\/14122012-pacote-dos-portos-ja-atrai-investimentos-de-r-21-bi\/#breadcrumb\",\"itemListElement\":[{\"@type\":\"ListItem\",\"position\":1,\"name\":\"In\u00edcio\",\"item\":\"https:\/\/boselli.com.br\/\"},{\"@type\":\"ListItem\",\"position\":2,\"name\":\"14\/12\/2012 &#8211; Pacote dos portos j\u00e1 atrai investimentos de R$ 21 bi\"}]},{\"@type\":\"WebSite\",\"@id\":\"https:\/\/boselli.com.br\/#website\",\"url\":\"https:\/\/boselli.com.br\/\",\"name\":\"Boselli Licita\u00e7\u00f5es\",\"description\":\"\",\"publisher\":{\"@id\":\"https:\/\/boselli.com.br\/#organization\"},\"potentialAction\":[{\"@type\":\"SearchAction\",\"target\":{\"@type\":\"EntryPoint\",\"urlTemplate\":\"https:\/\/boselli.com.br\/?s={search_term_string}\"},\"query-input\":{\"@type\":\"PropertyValueSpecification\",\"valueRequired\":true,\"valueName\":\"search_term_string\"}}],\"inLanguage\":\"pt-BR\"},{\"@type\":\"Organization\",\"@id\":\"https:\/\/boselli.com.br\/#organization\",\"name\":\"Boselli Consultoria\",\"url\":\"https:\/\/boselli.com.br\/\",\"logo\":{\"@type\":\"ImageObject\",\"inLanguage\":\"pt-BR\",\"@id\":\"https:\/\/boselli.com.br\/#\/schema\/logo\/image\/\",\"url\":\"https:\/\/boselli.com.br\/site\/wp-content\/uploads\/2025\/01\/cropped-boselli-licitacoes-so-marca-100.png\",\"contentUrl\":\"https:\/\/boselli.com.br\/site\/wp-content\/uploads\/2025\/01\/cropped-boselli-licitacoes-so-marca-100.png\",\"width\":295,\"height\":100,\"caption\":\"Boselli Consultoria\"},\"image\":{\"@id\":\"https:\/\/boselli.com.br\/#\/schema\/logo\/image\/\"}},{\"@type\":\"Person\",\"@id\":\"https:\/\/boselli.com.br\/#\/schema\/person\/4dcd2c90156c9b28e990848ee2112775\",\"name\":\"Paulo Boselli\",\"image\":{\"@type\":\"ImageObject\",\"inLanguage\":\"pt-BR\",\"@id\":\"https:\/\/boselli.com.br\/#\/schema\/person\/image\/\",\"url\":\"https:\/\/boselli.com.br\/site\/wp-content\/uploads\/2025\/01\/paulo-boselli-advogado-licitacao.png-150x150.jpg\",\"contentUrl\":\"https:\/\/boselli.com.br\/site\/wp-content\/uploads\/2025\/01\/paulo-boselli-advogado-licitacao.png-150x150.jpg\",\"caption\":\"Paulo Boselli\"},\"url\":\"https:\/\/boselli.com.br\/site\/author\/boselli\/\"}]}<\/script>\n<!-- \/ Yoast SEO plugin. -->","yoast_head_json":{"title":"14\/12\/2012 - Pacote dos portos j\u00e1 atrai investimentos de R$ 21 bi - Boselli Licita\u00e7\u00f5es","robots":{"index":"index","follow":"follow","max-snippet":"max-snippet:-1","max-image-preview":"max-image-preview:large","max-video-preview":"max-video-preview:-1"},"canonical":"https:\/\/boselli.com.br\/14122012-pacote-dos-portos-ja-atrai-investimentos-de-r-21-bi\/","og_locale":"pt_BR","og_type":"article","og_title":"14\/12\/2012 - Pacote dos portos j\u00e1 atrai investimentos de R$ 21 bi - Boselli Licita\u00e7\u00f5es","og_description":"Valor Econ\u00f4mico Daniel Rittner Uni\u00e3o pode deixar operador de porto sem indeniza\u00e7\u00e3o Com o fim das restri\u00e7\u00f5es \u00e0 constru\u00e7\u00e3o de portos privados anunciado na semana passada, grandes grupos j\u00e1 levaram ao governo 23 projetos novos. Somados, esses terminais exigir\u00e3o investimentos de R$ 21,1 bilh\u00f5es at\u00e9 o bi\u00eanio 2016\/17, segundo estimativas do Pal\u00e1cio do Planalto. A [&hellip;]","og_url":"https:\/\/boselli.com.br\/14122012-pacote-dos-portos-ja-atrai-investimentos-de-r-21-bi\/","og_site_name":"Boselli Licita\u00e7\u00f5es","article_published_time":"2012-12-14T11:23:07+00:00","article_modified_time":"2025-01-22T13:49:33+00:00","og_image":[{"width":1350,"height":900,"url":"https:\/\/boselli.com.br\/site\/wp-content\/uploads\/2025\/01\/boselli-consultoria-licitacao-destacada-geral.jpg","type":"image\/jpeg"}],"author":"Paulo Boselli","twitter_card":"summary_large_image","twitter_misc":{"Escrito por":"Paulo Boselli","Est. tempo de leitura":"5 minutos"},"schema":{"@context":"https:\/\/schema.org","@graph":[{"@type":"Article","@id":"https:\/\/boselli.com.br\/14122012-pacote-dos-portos-ja-atrai-investimentos-de-r-21-bi\/#article","isPartOf":{"@id":"https:\/\/boselli.com.br\/14122012-pacote-dos-portos-ja-atrai-investimentos-de-r-21-bi\/"},"author":{"name":"Paulo Boselli","@id":"https:\/\/boselli.com.br\/#\/schema\/person\/4dcd2c90156c9b28e990848ee2112775"},"headline":"14\/12\/2012 &#8211; Pacote dos portos j\u00e1 atrai investimentos de R$ 21 bi","datePublished":"2012-12-14T11:23:07+00:00","dateModified":"2025-01-22T13:49:33+00:00","mainEntityOfPage":{"@id":"https:\/\/boselli.com.br\/14122012-pacote-dos-portos-ja-atrai-investimentos-de-r-21-bi\/"},"wordCount":1070,"publisher":{"@id":"https:\/\/boselli.com.br\/#organization"},"image":{"@id":"https:\/\/boselli.com.br\/14122012-pacote-dos-portos-ja-atrai-investimentos-de-r-21-bi\/#primaryimage"},"thumbnailUrl":"https:\/\/boselli.com.br\/site\/wp-content\/uploads\/2025\/01\/boselli-consultoria-licitacao-destacada-geral.jpg","articleSection":["Geral"],"inLanguage":"pt-BR"},{"@type":"WebPage","@id":"https:\/\/boselli.com.br\/14122012-pacote-dos-portos-ja-atrai-investimentos-de-r-21-bi\/","url":"https:\/\/boselli.com.br\/14122012-pacote-dos-portos-ja-atrai-investimentos-de-r-21-bi\/","name":"14\/12\/2012 - Pacote dos portos j\u00e1 atrai investimentos de R$ 21 bi - Boselli Licita\u00e7\u00f5es","isPartOf":{"@id":"https:\/\/boselli.com.br\/#website"},"primaryImageOfPage":{"@id":"https:\/\/boselli.com.br\/14122012-pacote-dos-portos-ja-atrai-investimentos-de-r-21-bi\/#primaryimage"},"image":{"@id":"https:\/\/boselli.com.br\/14122012-pacote-dos-portos-ja-atrai-investimentos-de-r-21-bi\/#primaryimage"},"thumbnailUrl":"https:\/\/boselli.com.br\/site\/wp-content\/uploads\/2025\/01\/boselli-consultoria-licitacao-destacada-geral.jpg","datePublished":"2012-12-14T11:23:07+00:00","dateModified":"2025-01-22T13:49:33+00:00","breadcrumb":{"@id":"https:\/\/boselli.com.br\/14122012-pacote-dos-portos-ja-atrai-investimentos-de-r-21-bi\/#breadcrumb"},"inLanguage":"pt-BR","potentialAction":[{"@type":"ReadAction","target":["https:\/\/boselli.com.br\/14122012-pacote-dos-portos-ja-atrai-investimentos-de-r-21-bi\/"]}]},{"@type":"ImageObject","inLanguage":"pt-BR","@id":"https:\/\/boselli.com.br\/14122012-pacote-dos-portos-ja-atrai-investimentos-de-r-21-bi\/#primaryimage","url":"https:\/\/boselli.com.br\/site\/wp-content\/uploads\/2025\/01\/boselli-consultoria-licitacao-destacada-geral.jpg","contentUrl":"https:\/\/boselli.com.br\/site\/wp-content\/uploads\/2025\/01\/boselli-consultoria-licitacao-destacada-geral.jpg","width":1350,"height":900},{"@type":"BreadcrumbList","@id":"https:\/\/boselli.com.br\/14122012-pacote-dos-portos-ja-atrai-investimentos-de-r-21-bi\/#breadcrumb","itemListElement":[{"@type":"ListItem","position":1,"name":"In\u00edcio","item":"https:\/\/boselli.com.br\/"},{"@type":"ListItem","position":2,"name":"14\/12\/2012 &#8211; Pacote dos portos j\u00e1 atrai investimentos de R$ 21 bi"}]},{"@type":"WebSite","@id":"https:\/\/boselli.com.br\/#website","url":"https:\/\/boselli.com.br\/","name":"Boselli Licita\u00e7\u00f5es","description":"","publisher":{"@id":"https:\/\/boselli.com.br\/#organization"},"potentialAction":[{"@type":"SearchAction","target":{"@type":"EntryPoint","urlTemplate":"https:\/\/boselli.com.br\/?s={search_term_string}"},"query-input":{"@type":"PropertyValueSpecification","valueRequired":true,"valueName":"search_term_string"}}],"inLanguage":"pt-BR"},{"@type":"Organization","@id":"https:\/\/boselli.com.br\/#organization","name":"Boselli Consultoria","url":"https:\/\/boselli.com.br\/","logo":{"@type":"ImageObject","inLanguage":"pt-BR","@id":"https:\/\/boselli.com.br\/#\/schema\/logo\/image\/","url":"https:\/\/boselli.com.br\/site\/wp-content\/uploads\/2025\/01\/cropped-boselli-licitacoes-so-marca-100.png","contentUrl":"https:\/\/boselli.com.br\/site\/wp-content\/uploads\/2025\/01\/cropped-boselli-licitacoes-so-marca-100.png","width":295,"height":100,"caption":"Boselli Consultoria"},"image":{"@id":"https:\/\/boselli.com.br\/#\/schema\/logo\/image\/"}},{"@type":"Person","@id":"https:\/\/boselli.com.br\/#\/schema\/person\/4dcd2c90156c9b28e990848ee2112775","name":"Paulo Boselli","image":{"@type":"ImageObject","inLanguage":"pt-BR","@id":"https:\/\/boselli.com.br\/#\/schema\/person\/image\/","url":"https:\/\/boselli.com.br\/site\/wp-content\/uploads\/2025\/01\/paulo-boselli-advogado-licitacao.png-150x150.jpg","contentUrl":"https:\/\/boselli.com.br\/site\/wp-content\/uploads\/2025\/01\/paulo-boselli-advogado-licitacao.png-150x150.jpg","caption":"Paulo Boselli"},"url":"https:\/\/boselli.com.br\/site\/author\/boselli\/"}]}},"_links":{"self":[{"href":"https:\/\/boselli.com.br\/site\/wp-json\/wp\/v2\/posts\/4211","targetHints":{"allow":["GET"]}}],"collection":[{"href":"https:\/\/boselli.com.br\/site\/wp-json\/wp\/v2\/posts"}],"about":[{"href":"https:\/\/boselli.com.br\/site\/wp-json\/wp\/v2\/types\/post"}],"author":[{"embeddable":true,"href":"https:\/\/boselli.com.br\/site\/wp-json\/wp\/v2\/users\/5"}],"replies":[{"embeddable":true,"href":"https:\/\/boselli.com.br\/site\/wp-json\/wp\/v2\/comments?post=4211"}],"version-history":[{"count":1,"href":"https:\/\/boselli.com.br\/site\/wp-json\/wp\/v2\/posts\/4211\/revisions"}],"predecessor-version":[{"id":30278,"href":"https:\/\/boselli.com.br\/site\/wp-json\/wp\/v2\/posts\/4211\/revisions\/30278"}],"wp:featuredmedia":[{"embeddable":true,"href":"https:\/\/boselli.com.br\/site\/wp-json\/wp\/v2\/media\/32871"}],"wp:attachment":[{"href":"https:\/\/boselli.com.br\/site\/wp-json\/wp\/v2\/media?parent=4211"}],"wp:term":[{"taxonomy":"category","embeddable":true,"href":"https:\/\/boselli.com.br\/site\/wp-json\/wp\/v2\/categories?post=4211"},{"taxonomy":"post_tag","embeddable":true,"href":"https:\/\/boselli.com.br\/site\/wp-json\/wp\/v2\/tags?post=4211"}],"curies":[{"name":"wp","href":"https:\/\/api.w.org\/{rel}","templated":true}]}}