{"id":8094,"date":"2017-01-30T13:01:44","date_gmt":"2017-01-30T13:01:44","guid":{"rendered":"https:\/\/boselli.com.br\/?p=8094"},"modified":"2025-01-22T10:47:31","modified_gmt":"2025-01-22T13:47:31","slug":"30012017-ferramenta-vai-aumentar-rapidez-e-controle-das-compras-publicas","status":"publish","type":"post","link":"https:\/\/boselli.com.br\/site\/30012017-ferramenta-vai-aumentar-rapidez-e-controle-das-compras-publicas\/","title":{"rendered":"30\/01\/2017 &#8211; Ferramenta vai aumentar rapidez e controle das compras p\u00fablicas"},"content":{"rendered":"<p class=\"Noticias\" style=\"text-align: right;\">Portal Brasil<\/p>\n<p class=\"Noticias\" style=\"text-align: justify;\"><span style=\"color: rgb(0, 0, 0);\">Sistema mostrar\u00e1 varia\u00e7\u00f5es de pre\u00e7os de determinados itens de acordo com o m\u00eas e permitir\u00e1 maior previsibilidade<\/span><\/p>\n<p class=\"Noticias\" style=\"text-align: justify;\"><span style=\"color: rgb(0, 0, 0);\">O Minist\u00e9rio do Planejamento vai lan\u00e7ar, em mar\u00e7o deste ano, uma nova ferramenta que aumentar\u00e1 a efici\u00eancia das compras na administra\u00e7\u00e3o p\u00fablica e poder\u00e1 auxiliar \u00f3rg\u00e3os de controle na identifica\u00e7\u00e3o de fraudes.<\/span><\/p>\n<p class=\"Noticias\" style=\"text-align: justify;\"><span style=\"color: rgb(0, 0, 0);\">O Painel de Pre\u00e7os ficar\u00e1 hospedado na web junto ao <span style=\"color: rgb(0, 0, 0); text-decoration: none;\">Painel de Compras do Governo (Comprasnet)<\/span> e vai permitir ao gestor buscar, em poucos minutos, refer\u00eancias em todas as licita\u00e7\u00f5es homologadas nos \u00faltimos dois anos. Com isso, o tempo com pesquisas entre os fornecedores deve reduzir significativamente.<\/span><\/p>\n<p class=\"Noticias\" style=\"text-align: justify;\"><span style=\"color: rgb(0, 0, 0);\">\u201cNuma licita\u00e7\u00e3o que dura 45 dias, temos observado que s\u00f3 a pesquisa de mercado consome um ter\u00e7o desse tempo\u201d, disse o secret\u00e1rio de Gest\u00e3o do minist\u00e9rio, Gleisson Rubin.<\/span><\/p>\n<p class=\"Noticias\" style=\"text-align: justify;\"><span style=\"color: rgb(0, 0, 0);\">O painel de pre\u00e7os permite, por exemplo, comparar mais de 1,5 mil processos de compra de \u00e1gua mineral ou 1.268 de caf\u00e9, itens mais adquiridos na administra\u00e7\u00e3o p\u00fablica. Os recursos gr\u00e1ficos d\u00e3o ao gestor a capacidade de desconsiderar valores muito acima da m\u00e9dia e refinar a busca por regi\u00e3o do Pa\u00eds, quantidade de itens e outras especificidades.<\/span><\/p>\n<p class=\"Noticias\" style=\"text-align: justify;\"><span style=\"color: rgb(0, 0, 0);\">A ferramenta tamb\u00e9m dar\u00e1 mais previsibilidade para o planejamento das compras, j\u00e1 que mostra varia\u00e7\u00f5es de pre\u00e7os de determinados itens de acordo com o m\u00eas. \u201cO painel d\u00e1 mais precis\u00e3o para a tomada de pre\u00e7os, faz com que o processo licitat\u00f3rio transcorra com mais tranquilidade. O fornecedor n\u00e3o vai poder alegar que aquele pre\u00e7o \u00e9 inexequ\u00edvel, sustenta Rubin.<\/span><\/p>\n<p class=\"Noticias\" style=\"text-align: justify;\"><span style=\"color: rgb(0, 0, 0);\">Em fase final de testes, o painel de pre\u00e7os ser\u00e1 liberado inicialmente a administra\u00e7\u00e3o p\u00fablica federal e para \u00f3rg\u00e3os de controle.<\/span><\/p>\n<p class=\"Noticias\" style=\"text-align: justify;\"><span style=\"color: rgb(0, 0, 0);\">Fonte: Portal Brasil, com informa\u00e7\u00f5es do <span style=\"color: rgb(0, 0, 0); text-decoration: none;\">Minist\u00e9rio do Planejamento\u00a0<\/span><\/span><\/p>\n","protected":false},"excerpt":{"rendered":"<p>Portal Brasil Sistema mostrar\u00e1 varia\u00e7\u00f5es de pre\u00e7os de determinados itens de acordo com o m\u00eas e permitir\u00e1 maior previsibilidade O Minist\u00e9rio do Planejamento vai lan\u00e7ar, em mar\u00e7o deste ano, uma nova ferramenta que aumentar\u00e1 a efici\u00eancia das compras na administra\u00e7\u00e3o p\u00fablica e poder\u00e1 auxiliar \u00f3rg\u00e3os de controle na identifica\u00e7\u00e3o de fraudes. O Painel de Pre\u00e7os [&hellip;]<\/p>\n","protected":false},"author":5,"featured_media":32871,"comment_status":"open","ping_status":"open","sticky":false,"template":"","format":"standard","meta":{"footnotes":""},"categories":[3],"tags":[],"class_list":["post-8094","post","type-post","status-publish","format-standard","has-post-thumbnail","hentry","category-geral"],"yoast_head":"<!-- This site is optimized with the Yoast SEO plugin v25.5 - https:\/\/yoast.com\/wordpress\/plugins\/seo\/ -->\n<title>30\/01\/2017 - Ferramenta vai aumentar rapidez e controle das compras p\u00fablicas - Boselli Licita\u00e7\u00f5es<\/title>\n<meta name=\"robots\" content=\"index, follow, max-snippet:-1, max-image-preview:large, max-video-preview:-1\" \/>\n<link rel=\"canonical\" href=\"https:\/\/boselli.com.br\/30012017-ferramenta-vai-aumentar-rapidez-e-controle-das-compras-publicas\/\" \/>\n<meta property=\"og:locale\" content=\"pt_BR\" \/>\n<meta property=\"og:type\" content=\"article\" \/>\n<meta property=\"og:title\" content=\"30\/01\/2017 - Ferramenta vai aumentar rapidez e controle das compras p\u00fablicas - Boselli Licita\u00e7\u00f5es\" \/>\n<meta property=\"og:description\" content=\"Portal Brasil Sistema mostrar\u00e1 varia\u00e7\u00f5es de pre\u00e7os de determinados itens de acordo com o m\u00eas e permitir\u00e1 maior previsibilidade O Minist\u00e9rio do Planejamento vai lan\u00e7ar, em mar\u00e7o deste ano, uma nova ferramenta que aumentar\u00e1 a efici\u00eancia das compras na administra\u00e7\u00e3o p\u00fablica e poder\u00e1 auxiliar \u00f3rg\u00e3os de controle na identifica\u00e7\u00e3o de fraudes. O Painel de Pre\u00e7os [&hellip;]\" \/>\n<meta property=\"og:url\" content=\"https:\/\/boselli.com.br\/30012017-ferramenta-vai-aumentar-rapidez-e-controle-das-compras-publicas\/\" \/>\n<meta property=\"og:site_name\" content=\"Boselli Licita\u00e7\u00f5es\" \/>\n<meta property=\"article:published_time\" content=\"2017-01-30T13:01:44+00:00\" \/>\n<meta property=\"article:modified_time\" content=\"2025-01-22T13:47:31+00:00\" \/>\n<meta property=\"og:image\" content=\"https:\/\/boselli.com.br\/site\/wp-content\/uploads\/2025\/01\/boselli-consultoria-licitacao-destacada-geral.jpg\" \/>\n\t<meta property=\"og:image:width\" content=\"1350\" \/>\n\t<meta property=\"og:image:height\" content=\"900\" \/>\n\t<meta property=\"og:image:type\" content=\"image\/jpeg\" \/>\n<meta name=\"author\" content=\"Paulo Boselli\" \/>\n<meta name=\"twitter:card\" content=\"summary_large_image\" \/>\n<meta name=\"twitter:label1\" content=\"Escrito por\" \/>\n\t<meta name=\"twitter:data1\" content=\"Paulo Boselli\" \/>\n\t<meta name=\"twitter:label2\" content=\"Est. tempo de leitura\" \/>\n\t<meta name=\"twitter:data2\" content=\"2 minutos\" \/>\n<script type=\"application\/ld+json\" class=\"yoast-schema-graph\">{\"@context\":\"https:\/\/schema.org\",\"@graph\":[{\"@type\":\"Article\",\"@id\":\"https:\/\/boselli.com.br\/30012017-ferramenta-vai-aumentar-rapidez-e-controle-das-compras-publicas\/#article\",\"isPartOf\":{\"@id\":\"https:\/\/boselli.com.br\/30012017-ferramenta-vai-aumentar-rapidez-e-controle-das-compras-publicas\/\"},\"author\":{\"name\":\"Paulo Boselli\",\"@id\":\"https:\/\/boselli.com.br\/#\/schema\/person\/4dcd2c90156c9b28e990848ee2112775\"},\"headline\":\"30\/01\/2017 &#8211; Ferramenta vai aumentar rapidez e controle das compras p\u00fablicas\",\"datePublished\":\"2017-01-30T13:01:44+00:00\",\"dateModified\":\"2025-01-22T13:47:31+00:00\",\"mainEntityOfPage\":{\"@id\":\"https:\/\/boselli.com.br\/30012017-ferramenta-vai-aumentar-rapidez-e-controle-das-compras-publicas\/\"},\"wordCount\":321,\"commentCount\":0,\"publisher\":{\"@id\":\"https:\/\/boselli.com.br\/#organization\"},\"image\":{\"@id\":\"https:\/\/boselli.com.br\/30012017-ferramenta-vai-aumentar-rapidez-e-controle-das-compras-publicas\/#primaryimage\"},\"thumbnailUrl\":\"https:\/\/boselli.com.br\/site\/wp-content\/uploads\/2025\/01\/boselli-consultoria-licitacao-destacada-geral.jpg\",\"articleSection\":[\"Geral\"],\"inLanguage\":\"pt-BR\",\"potentialAction\":[{\"@type\":\"CommentAction\",\"name\":\"Comment\",\"target\":[\"https:\/\/boselli.com.br\/30012017-ferramenta-vai-aumentar-rapidez-e-controle-das-compras-publicas\/#respond\"]}]},{\"@type\":\"WebPage\",\"@id\":\"https:\/\/boselli.com.br\/30012017-ferramenta-vai-aumentar-rapidez-e-controle-das-compras-publicas\/\",\"url\":\"https:\/\/boselli.com.br\/30012017-ferramenta-vai-aumentar-rapidez-e-controle-das-compras-publicas\/\",\"name\":\"30\/01\/2017 - Ferramenta vai aumentar rapidez e controle das compras p\u00fablicas - Boselli Licita\u00e7\u00f5es\",\"isPartOf\":{\"@id\":\"https:\/\/boselli.com.br\/#website\"},\"primaryImageOfPage\":{\"@id\":\"https:\/\/boselli.com.br\/30012017-ferramenta-vai-aumentar-rapidez-e-controle-das-compras-publicas\/#primaryimage\"},\"image\":{\"@id\":\"https:\/\/boselli.com.br\/30012017-ferramenta-vai-aumentar-rapidez-e-controle-das-compras-publicas\/#primaryimage\"},\"thumbnailUrl\":\"https:\/\/boselli.com.br\/site\/wp-content\/uploads\/2025\/01\/boselli-consultoria-licitacao-destacada-geral.jpg\",\"datePublished\":\"2017-01-30T13:01:44+00:00\",\"dateModified\":\"2025-01-22T13:47:31+00:00\",\"breadcrumb\":{\"@id\":\"https:\/\/boselli.com.br\/30012017-ferramenta-vai-aumentar-rapidez-e-controle-das-compras-publicas\/#breadcrumb\"},\"inLanguage\":\"pt-BR\",\"potentialAction\":[{\"@type\":\"ReadAction\",\"target\":[\"https:\/\/boselli.com.br\/30012017-ferramenta-vai-aumentar-rapidez-e-controle-das-compras-publicas\/\"]}]},{\"@type\":\"ImageObject\",\"inLanguage\":\"pt-BR\",\"@id\":\"https:\/\/boselli.com.br\/30012017-ferramenta-vai-aumentar-rapidez-e-controle-das-compras-publicas\/#primaryimage\",\"url\":\"https:\/\/boselli.com.br\/site\/wp-content\/uploads\/2025\/01\/boselli-consultoria-licitacao-destacada-geral.jpg\",\"contentUrl\":\"https:\/\/boselli.com.br\/site\/wp-content\/uploads\/2025\/01\/boselli-consultoria-licitacao-destacada-geral.jpg\",\"width\":1350,\"height\":900},{\"@type\":\"BreadcrumbList\",\"@id\":\"https:\/\/boselli.com.br\/30012017-ferramenta-vai-aumentar-rapidez-e-controle-das-compras-publicas\/#breadcrumb\",\"itemListElement\":[{\"@type\":\"ListItem\",\"position\":1,\"name\":\"In\u00edcio\",\"item\":\"https:\/\/boselli.com.br\/\"},{\"@type\":\"ListItem\",\"position\":2,\"name\":\"30\/01\/2017 &#8211; Ferramenta vai aumentar rapidez e controle das compras p\u00fablicas\"}]},{\"@type\":\"WebSite\",\"@id\":\"https:\/\/boselli.com.br\/#website\",\"url\":\"https:\/\/boselli.com.br\/\",\"name\":\"Boselli Licita\u00e7\u00f5es\",\"description\":\"\",\"publisher\":{\"@id\":\"https:\/\/boselli.com.br\/#organization\"},\"potentialAction\":[{\"@type\":\"SearchAction\",\"target\":{\"@type\":\"EntryPoint\",\"urlTemplate\":\"https:\/\/boselli.com.br\/?s={search_term_string}\"},\"query-input\":{\"@type\":\"PropertyValueSpecification\",\"valueRequired\":true,\"valueName\":\"search_term_string\"}}],\"inLanguage\":\"pt-BR\"},{\"@type\":\"Organization\",\"@id\":\"https:\/\/boselli.com.br\/#organization\",\"name\":\"Boselli Consultoria\",\"url\":\"https:\/\/boselli.com.br\/\",\"logo\":{\"@type\":\"ImageObject\",\"inLanguage\":\"pt-BR\",\"@id\":\"https:\/\/boselli.com.br\/#\/schema\/logo\/image\/\",\"url\":\"https:\/\/boselli.com.br\/site\/wp-content\/uploads\/2025\/01\/cropped-boselli-licitacoes-so-marca-100.png\",\"contentUrl\":\"https:\/\/boselli.com.br\/site\/wp-content\/uploads\/2025\/01\/cropped-boselli-licitacoes-so-marca-100.png\",\"width\":295,\"height\":100,\"caption\":\"Boselli Consultoria\"},\"image\":{\"@id\":\"https:\/\/boselli.com.br\/#\/schema\/logo\/image\/\"}},{\"@type\":\"Person\",\"@id\":\"https:\/\/boselli.com.br\/#\/schema\/person\/4dcd2c90156c9b28e990848ee2112775\",\"name\":\"Paulo Boselli\",\"image\":{\"@type\":\"ImageObject\",\"inLanguage\":\"pt-BR\",\"@id\":\"https:\/\/boselli.com.br\/#\/schema\/person\/image\/\",\"url\":\"https:\/\/boselli.com.br\/site\/wp-content\/uploads\/2025\/01\/paulo-boselli-advogado-licitacao.png-150x150.jpg\",\"contentUrl\":\"https:\/\/boselli.com.br\/site\/wp-content\/uploads\/2025\/01\/paulo-boselli-advogado-licitacao.png-150x150.jpg\",\"caption\":\"Paulo Boselli\"},\"url\":\"https:\/\/boselli.com.br\/site\/author\/boselli\/\"}]}<\/script>\n<!-- \/ Yoast SEO plugin. -->","yoast_head_json":{"title":"30\/01\/2017 - Ferramenta vai aumentar rapidez e controle das compras p\u00fablicas - Boselli Licita\u00e7\u00f5es","robots":{"index":"index","follow":"follow","max-snippet":"max-snippet:-1","max-image-preview":"max-image-preview:large","max-video-preview":"max-video-preview:-1"},"canonical":"https:\/\/boselli.com.br\/30012017-ferramenta-vai-aumentar-rapidez-e-controle-das-compras-publicas\/","og_locale":"pt_BR","og_type":"article","og_title":"30\/01\/2017 - Ferramenta vai aumentar rapidez e controle das compras p\u00fablicas - Boselli Licita\u00e7\u00f5es","og_description":"Portal Brasil Sistema mostrar\u00e1 varia\u00e7\u00f5es de pre\u00e7os de determinados itens de acordo com o m\u00eas e permitir\u00e1 maior previsibilidade O Minist\u00e9rio do Planejamento vai lan\u00e7ar, em mar\u00e7o deste ano, uma nova ferramenta que aumentar\u00e1 a efici\u00eancia das compras na administra\u00e7\u00e3o p\u00fablica e poder\u00e1 auxiliar \u00f3rg\u00e3os de controle na identifica\u00e7\u00e3o de fraudes. O Painel de Pre\u00e7os [&hellip;]","og_url":"https:\/\/boselli.com.br\/30012017-ferramenta-vai-aumentar-rapidez-e-controle-das-compras-publicas\/","og_site_name":"Boselli Licita\u00e7\u00f5es","article_published_time":"2017-01-30T13:01:44+00:00","article_modified_time":"2025-01-22T13:47:31+00:00","og_image":[{"width":1350,"height":900,"url":"https:\/\/boselli.com.br\/site\/wp-content\/uploads\/2025\/01\/boselli-consultoria-licitacao-destacada-geral.jpg","type":"image\/jpeg"}],"author":"Paulo Boselli","twitter_card":"summary_large_image","twitter_misc":{"Escrito por":"Paulo Boselli","Est. tempo de leitura":"2 minutos"},"schema":{"@context":"https:\/\/schema.org","@graph":[{"@type":"Article","@id":"https:\/\/boselli.com.br\/30012017-ferramenta-vai-aumentar-rapidez-e-controle-das-compras-publicas\/#article","isPartOf":{"@id":"https:\/\/boselli.com.br\/30012017-ferramenta-vai-aumentar-rapidez-e-controle-das-compras-publicas\/"},"author":{"name":"Paulo Boselli","@id":"https:\/\/boselli.com.br\/#\/schema\/person\/4dcd2c90156c9b28e990848ee2112775"},"headline":"30\/01\/2017 &#8211; Ferramenta vai aumentar rapidez e controle das compras p\u00fablicas","datePublished":"2017-01-30T13:01:44+00:00","dateModified":"2025-01-22T13:47:31+00:00","mainEntityOfPage":{"@id":"https:\/\/boselli.com.br\/30012017-ferramenta-vai-aumentar-rapidez-e-controle-das-compras-publicas\/"},"wordCount":321,"commentCount":0,"publisher":{"@id":"https:\/\/boselli.com.br\/#organization"},"image":{"@id":"https:\/\/boselli.com.br\/30012017-ferramenta-vai-aumentar-rapidez-e-controle-das-compras-publicas\/#primaryimage"},"thumbnailUrl":"https:\/\/boselli.com.br\/site\/wp-content\/uploads\/2025\/01\/boselli-consultoria-licitacao-destacada-geral.jpg","articleSection":["Geral"],"inLanguage":"pt-BR","potentialAction":[{"@type":"CommentAction","name":"Comment","target":["https:\/\/boselli.com.br\/30012017-ferramenta-vai-aumentar-rapidez-e-controle-das-compras-publicas\/#respond"]}]},{"@type":"WebPage","@id":"https:\/\/boselli.com.br\/30012017-ferramenta-vai-aumentar-rapidez-e-controle-das-compras-publicas\/","url":"https:\/\/boselli.com.br\/30012017-ferramenta-vai-aumentar-rapidez-e-controle-das-compras-publicas\/","name":"30\/01\/2017 - Ferramenta vai aumentar rapidez e controle das compras p\u00fablicas - Boselli Licita\u00e7\u00f5es","isPartOf":{"@id":"https:\/\/boselli.com.br\/#website"},"primaryImageOfPage":{"@id":"https:\/\/boselli.com.br\/30012017-ferramenta-vai-aumentar-rapidez-e-controle-das-compras-publicas\/#primaryimage"},"image":{"@id":"https:\/\/boselli.com.br\/30012017-ferramenta-vai-aumentar-rapidez-e-controle-das-compras-publicas\/#primaryimage"},"thumbnailUrl":"https:\/\/boselli.com.br\/site\/wp-content\/uploads\/2025\/01\/boselli-consultoria-licitacao-destacada-geral.jpg","datePublished":"2017-01-30T13:01:44+00:00","dateModified":"2025-01-22T13:47:31+00:00","breadcrumb":{"@id":"https:\/\/boselli.com.br\/30012017-ferramenta-vai-aumentar-rapidez-e-controle-das-compras-publicas\/#breadcrumb"},"inLanguage":"pt-BR","potentialAction":[{"@type":"ReadAction","target":["https:\/\/boselli.com.br\/30012017-ferramenta-vai-aumentar-rapidez-e-controle-das-compras-publicas\/"]}]},{"@type":"ImageObject","inLanguage":"pt-BR","@id":"https:\/\/boselli.com.br\/30012017-ferramenta-vai-aumentar-rapidez-e-controle-das-compras-publicas\/#primaryimage","url":"https:\/\/boselli.com.br\/site\/wp-content\/uploads\/2025\/01\/boselli-consultoria-licitacao-destacada-geral.jpg","contentUrl":"https:\/\/boselli.com.br\/site\/wp-content\/uploads\/2025\/01\/boselli-consultoria-licitacao-destacada-geral.jpg","width":1350,"height":900},{"@type":"BreadcrumbList","@id":"https:\/\/boselli.com.br\/30012017-ferramenta-vai-aumentar-rapidez-e-controle-das-compras-publicas\/#breadcrumb","itemListElement":[{"@type":"ListItem","position":1,"name":"In\u00edcio","item":"https:\/\/boselli.com.br\/"},{"@type":"ListItem","position":2,"name":"30\/01\/2017 &#8211; Ferramenta vai aumentar rapidez e controle das compras p\u00fablicas"}]},{"@type":"WebSite","@id":"https:\/\/boselli.com.br\/#website","url":"https:\/\/boselli.com.br\/","name":"Boselli Licita\u00e7\u00f5es","description":"","publisher":{"@id":"https:\/\/boselli.com.br\/#organization"},"potentialAction":[{"@type":"SearchAction","target":{"@type":"EntryPoint","urlTemplate":"https:\/\/boselli.com.br\/?s={search_term_string}"},"query-input":{"@type":"PropertyValueSpecification","valueRequired":true,"valueName":"search_term_string"}}],"inLanguage":"pt-BR"},{"@type":"Organization","@id":"https:\/\/boselli.com.br\/#organization","name":"Boselli Consultoria","url":"https:\/\/boselli.com.br\/","logo":{"@type":"ImageObject","inLanguage":"pt-BR","@id":"https:\/\/boselli.com.br\/#\/schema\/logo\/image\/","url":"https:\/\/boselli.com.br\/site\/wp-content\/uploads\/2025\/01\/cropped-boselli-licitacoes-so-marca-100.png","contentUrl":"https:\/\/boselli.com.br\/site\/wp-content\/uploads\/2025\/01\/cropped-boselli-licitacoes-so-marca-100.png","width":295,"height":100,"caption":"Boselli Consultoria"},"image":{"@id":"https:\/\/boselli.com.br\/#\/schema\/logo\/image\/"}},{"@type":"Person","@id":"https:\/\/boselli.com.br\/#\/schema\/person\/4dcd2c90156c9b28e990848ee2112775","name":"Paulo Boselli","image":{"@type":"ImageObject","inLanguage":"pt-BR","@id":"https:\/\/boselli.com.br\/#\/schema\/person\/image\/","url":"https:\/\/boselli.com.br\/site\/wp-content\/uploads\/2025\/01\/paulo-boselli-advogado-licitacao.png-150x150.jpg","contentUrl":"https:\/\/boselli.com.br\/site\/wp-content\/uploads\/2025\/01\/paulo-boselli-advogado-licitacao.png-150x150.jpg","caption":"Paulo Boselli"},"url":"https:\/\/boselli.com.br\/site\/author\/boselli\/"}]}},"_links":{"self":[{"href":"https:\/\/boselli.com.br\/site\/wp-json\/wp\/v2\/posts\/8094","targetHints":{"allow":["GET"]}}],"collection":[{"href":"https:\/\/boselli.com.br\/site\/wp-json\/wp\/v2\/posts"}],"about":[{"href":"https:\/\/boselli.com.br\/site\/wp-json\/wp\/v2\/types\/post"}],"author":[{"embeddable":true,"href":"https:\/\/boselli.com.br\/site\/wp-json\/wp\/v2\/users\/5"}],"replies":[{"embeddable":true,"href":"https:\/\/boselli.com.br\/site\/wp-json\/wp\/v2\/comments?post=8094"}],"version-history":[{"count":1,"href":"https:\/\/boselli.com.br\/site\/wp-json\/wp\/v2\/posts\/8094\/revisions"}],"predecessor-version":[{"id":29084,"href":"https:\/\/boselli.com.br\/site\/wp-json\/wp\/v2\/posts\/8094\/revisions\/29084"}],"wp:featuredmedia":[{"embeddable":true,"href":"https:\/\/boselli.com.br\/site\/wp-json\/wp\/v2\/media\/32871"}],"wp:attachment":[{"href":"https:\/\/boselli.com.br\/site\/wp-json\/wp\/v2\/media?parent=8094"}],"wp:term":[{"taxonomy":"category","embeddable":true,"href":"https:\/\/boselli.com.br\/site\/wp-json\/wp\/v2\/categories?post=8094"},{"taxonomy":"post_tag","embeddable":true,"href":"https:\/\/boselli.com.br\/site\/wp-json\/wp\/v2\/tags?post=8094"}],"curies":[{"name":"wp","href":"https:\/\/api.w.org\/{rel}","templated":true}]}}